{"id":4158,"date":"2022-07-10T20:51:50","date_gmt":"2022-07-10T18:51:50","guid":{"rendered":"https:\/\/tlustacara.cz\/?p=4158"},"modified":"2022-11-09T19:24:30","modified_gmt":"2022-11-09T18:24:30","slug":"osada","status":"publish","type":"post","link":"https:\/\/tlustacara.cz\/en\/clanky\/osada\/","title":{"rendered":"Osada"},"content":{"rendered":"<div data-elementor-type=\"wp-post\" data-elementor-id=\"4158\" class=\"elementor elementor-4158\" data-elementor-post-type=\"post\">\n\t\t\t\t\t\t<div class=\"elementor-inner\">\n\t\t\t\t<div class=\"elementor-section-wrap\">\n\t\t\t\t\t\t\t\t\t<section class=\"elementor-section elementor-top-section elementor-element elementor-element-09d1e26 elementor-section-boxed elementor-section-height-default elementor-section-height-default\" data-id=\"09d1e26\" data-element_type=\"section\">\n\t\t\t\t\t\t<div class=\"elementor-container elementor-column-gap-default\">\n\t\t\t\t\t\t\t<div class=\"elementor-row\">\n\t\t\t\t\t<div class=\"elementor-column elementor-col-100 elementor-top-column elementor-element elementor-element-fc4e7b0\" data-id=\"fc4e7b0\" data-element_type=\"column\">\n\t\t\t<div class=\"elementor-column-wrap elementor-element-populated\">\n\t\t\t\t\t\t\t<div class=\"elementor-widget-wrap\">\n\t\t\t\t\t\t<div class=\"elementor-element elementor-element-ca6a1d5 elementor-widget elementor-widget-heading\" data-id=\"ca6a1d5\" data-element_type=\"widget\" data-widget_type=\"heading.default\">\n\t\t\t\t<div class=\"elementor-widget-container\">\n\t\t\t<style>\/*! elementor - v3.16.0 - 17-10-2023 *\/\n.elementor-heading-title{padding:0;margin:0;line-height:1}.elementor-widget-heading .elementor-heading-title[class*=elementor-size-]>a{color:inherit;font-size:inherit;line-height:inherit}.elementor-widget-heading .elementor-heading-title.elementor-size-small{font-size:15px}.elementor-widget-heading .elementor-heading-title.elementor-size-medium{font-size:19px}.elementor-widget-heading .elementor-heading-title.elementor-size-large{font-size:29px}.elementor-widget-heading .elementor-heading-title.elementor-size-xl{font-size:39px}.elementor-widget-heading .elementor-heading-title.elementor-size-xxl{font-size:59px}<\/style><h1 class=\"elementor-heading-title elementor-size-default\">Osada<\/h1>\t\t<\/div>\n\t\t\t\t<\/div>\n\t\t\t\t<div class=\"elementor-element elementor-element-aca9d16 elementor-widget elementor-widget-heading\" data-id=\"aca9d16\" data-element_type=\"widget\" data-widget_type=\"heading.default\">\n\t\t\t\t<div class=\"elementor-widget-container\">\n\t\t\t<h3 class=\"elementor-heading-title elementor-size-default\">Jedu!<\/h3>\t\t<\/div>\n\t\t\t\t<\/div>\n\t\t\t\t<div class=\"elementor-element elementor-element-ee1e150 elementor-widget elementor-widget-text-editor\" data-id=\"ee1e150\" data-element_type=\"widget\" data-widget_type=\"text-editor.default\">\n\t\t\t\t<div class=\"elementor-widget-container\">\n\t\t\t<style>\/*! elementor - v3.16.0 - 17-10-2023 *\/\n.elementor-widget-text-editor.elementor-drop-cap-view-stacked .elementor-drop-cap{background-color:#69727d;color:#fff}.elementor-widget-text-editor.elementor-drop-cap-view-framed .elementor-drop-cap{color:#69727d;border:3px solid;background-color:transparent}.elementor-widget-text-editor:not(.elementor-drop-cap-view-default) .elementor-drop-cap{margin-top:8px}.elementor-widget-text-editor:not(.elementor-drop-cap-view-default) .elementor-drop-cap-letter{width:1em;height:1em}.elementor-widget-text-editor .elementor-drop-cap{float:left;text-align:center;line-height:1;font-size:50px}.elementor-widget-text-editor .elementor-drop-cap-letter{display:inline-block}<\/style>\t\t\t\t\t<div class=\"elementor-text-editor elementor-clearfix\">\n\t\t\t\t<p><span style=\"color: #000000;\">Kdy\u017e se m\u011b na\u0161e kamar\u00e1dka a fotografka Jana Plavec zeptala, jestli nechci jet s\u00a0n\u00ed a s organizac\u00ed \u010ce\u0161i pom\u00e1haj\u00ed do romsk\u00fdch osad na jihov\u00fdchodn\u00edm Slovensku, nebylo t\u0159eba dlouho p\u0159em\u00fd\u0161let. \u0158ekla jsem ANO!<\/span><\/p><p>P\u0159ed cestou jsem si ud\u011blala malou p\u0159\u00edpravu. P\u0159e\u010detla jsem si \u010dl\u00e1nky na internetu, na\u0161la informace o historii Rom\u016f a hodila oko na zaj\u00edmav\u00e9 studie. V\u0161e jsem si doplnila o videa z\u00a0m\u00edsta a report\u00e1\u017ee z YouTube. Kn\u00ed\u017eku Chaos Totalos, kter\u00e1 mi byla doporu\u010dov\u00e1na, se mi nepovedlo sehnat. Pokud se to povede v\u00e1m, dejte mi v\u011bd\u011bt!<\/p><p>Historick\u00fd popis Rom\u016f mi p\u0159i \u010dten\u00ed za\u010dal b\u00fdt sympatick\u00fd. Ve 14. stolet\u00ed po Evrop\u011b ko\u010dovala z\u00a0m\u00edsta na m\u00edsto velk\u00e1 spole\u010denstv\u00ed lid\u00ed. Skupina Rom\u016f se od ostatn\u00edho obyvatelstva neli\u0161ila pouze t\u00edm, \u017ee m\u011bla tmav\u0161\u00ed poko\u017eku, ale i oble\u010den\u00edm a tak\u00e9 jin\u00fdm, n\u011bkdo by mohl \u0159\u00edct zna\u010dn\u011b origin\u00e1ln\u00edm zp\u016fsobem \u017eivota. Tito lid\u00e9 m\u011bli vlastn\u00ed \u017eivotn\u00ed p\u0159\u00edstupy, m\u011bli sv\u016fj vlastn\u00ed jazyk, byli p\u0159irozen\u011b temperamentn\u00ed a tak\u00e9 neochotn\u00ed pod\u0159izovat se tlaku v\u011bt\u0161inov\u00e9ho obyvatelstva. S\u00a0trochou nads\u00e1zky bych se neb\u00e1la sebe samotnou zp\u016fsobem \u017eivota ozna\u010dit za b\u00edlou Romku jednadvac\u00e1t\u00e9ho stolet\u00ed.<\/p><p>V\u011bt\u0161inov\u00e9mu obyvatelstvu se to v\u0161ak nel\u00edbilo a to, co n\u00e1sledovalo dal\u0161\u00ed stalet\u00ed, nen\u00ed nic p\u011bkn\u00e9ho. Zat\u00fdk\u00e1n\u00ed, vra\u017edy, honba, vy\u010dle\u0148ov\u00e1n\u00ed.<\/p><p>P\u0159i studov\u00e1n\u00ed jsem sama sob\u011b kladla ot\u00e1zky a p\u0159edstavovala si a\u017e trochu idealistick\u00e9 p\u0159edstavy o tom, co by bylo, kdyby v\u00a0minulosti byli lid\u00e9 k\u00a0sob\u011b vz\u00e1jemn\u011b tolerantn\u00ed a nedo\u0161lo k\u00a0tak masivn\u00ed spole\u010densk\u00e9 separaci. Jela bych te\u010f do osad?<\/p><p>Dramatick\u00e1 videa z\u00a0osad, kter\u00e1 ukazuj\u00ed mrtv\u00e1 zv\u00ed\u0159ata, extr\u00e9mn\u00ed nepo\u0159\u00e1dek, drogy a vyhrocen\u00e9 situace komentovat nebudu. Jeliko\u017e se orientuji ve sv\u011bte PR a marketingu, v\u00edm, \u017ee senzace nejv\u00edce prod\u00e1vaj\u00ed a ob\u010das je to bohu\u017eel to, co chceme konzumovat i my sami. A kdy\u017e je popt\u00e1vka, bude i nab\u00eddka!<\/p>\t\t\t\t\t<\/div>\n\t\t\t\t\t\t<\/div>\n\t\t\t\t<\/div>\n\t\t\t\t<div class=\"elementor-element elementor-element-33afd30 elementor-widget-mobile__width-inherit elementor-widget elementor-widget-gallery\" data-id=\"33afd30\" data-element_type=\"widget\" data-settings=\"{&quot;columns&quot;:1,&quot;aspect_ratio&quot;:&quot;4:3&quot;,&quot;lazyload&quot;:&quot;yes&quot;,&quot;gallery_layout&quot;:&quot;grid&quot;,&quot;columns_tablet&quot;:2,&quot;columns_mobile&quot;:1,&quot;gap&quot;:{&quot;unit&quot;:&quot;px&quot;,&quot;size&quot;:10,&quot;sizes&quot;:[]},&quot;gap_tablet&quot;:{&quot;unit&quot;:&quot;px&quot;,&quot;size&quot;:10,&quot;sizes&quot;:[]},&quot;gap_mobile&quot;:{&quot;unit&quot;:&quot;px&quot;,&quot;size&quot;:10,&quot;sizes&quot;:[]},&quot;link_to&quot;:&quot;file&quot;,&quot;overlay_background&quot;:&quot;yes&quot;,&quot;content_hover_animation&quot;:&quot;fade-in&quot;}\" data-widget_type=\"gallery.default\">\n\t\t\t\t<div class=\"elementor-widget-container\">\n\t\t\t<style>\/*! elementor-pro - v3.16.0 - 20-09-2023 *\/\n.elementor-gallery__container{min-height:1px}.elementor-gallery-item{position:relative;overflow:hidden;display:block;text-decoration:none;border:solid var(--image-border-width) var(--image-border-color);border-radius:var(--image-border-radius)}.elementor-gallery-item__content,.elementor-gallery-item__overlay{height:100%;width:100%;position:absolute;top:0;left:0}.elementor-gallery-item__overlay{mix-blend-mode:var(--overlay-mix-blend-mode);transition-duration:var(--overlay-transition-duration);transition-property:mix-blend-mode,transform,opacity,background-color}.elementor-gallery-item__image.e-gallery-image{transition-duration:var(--image-transition-duration);transition-property:filter,transform}.elementor-gallery-item__content{display:flex;flex-direction:column;justify-content:var(--content-justify-content,center);align-items:center;text-align:var(--content-text-align);padding:var(--content-padding)}.elementor-gallery-item__content>div{transition-duration:var(--content-transition-duration)}.elementor-gallery-item__content.elementor-gallery--sequenced-animation>div:nth-child(2){transition-delay:calc(var(--content-transition-delay) \/ 3)}.elementor-gallery-item__content.elementor-gallery--sequenced-animation>div:nth-child(3){transition-delay:calc(var(--content-transition-delay) \/ 3 * 2)}.elementor-gallery-item__content.elementor-gallery--sequenced-animation>div:nth-child(4){transition-delay:calc(var(--content-transition-delay) \/ 3 * 3)}.elementor-gallery-item__description{color:var(--description-text-color,#fff);width:100%}.elementor-gallery-item__title{color:var(--title-text-color,#fff);font-weight:700;width:100%}.elementor-gallery__titles-container{display:flex;flex-wrap:wrap;justify-content:var(--titles-container-justify-content,center);margin-bottom:20px}.elementor-gallery__titles-container:not(.e--pointer-framed) .elementor-item:after,.elementor-gallery__titles-container:not(.e--pointer-framed) .elementor-item:before{background-color:var(--galleries-pointer-bg-color-hover)}.elementor-gallery__titles-container:not(.e--pointer-framed) .elementor-item.elementor-item-active:after,.elementor-gallery__titles-container:not(.e--pointer-framed) .elementor-item.elementor-item-active:before{background-color:var(--galleries-pointer-bg-color-active)}.elementor-gallery__titles-container.e--pointer-framed .elementor-item:before{border-color:var(--galleries-pointer-bg-color-hover);border-width:var(--galleries-pointer-border-width)}.elementor-gallery__titles-container.e--pointer-framed .elementor-item:after{border-color:var(--galleries-pointer-bg-color-hover)}.elementor-gallery__titles-container.e--pointer-framed .elementor-item.elementor-item-active:after,.elementor-gallery__titles-container.e--pointer-framed .elementor-item.elementor-item-active:before{border-color:var(--galleries-pointer-bg-color-active)}.elementor-gallery__titles-container.e--pointer-framed.e--animation-draw .elementor-item:before{border-left-width:var(--galleries-pointer-border-width);border-bottom-width:var(--galleries-pointer-border-width);border-right-width:0;border-top-width:0}.elementor-gallery__titles-container.e--pointer-framed.e--animation-draw .elementor-item:after{border-left-width:0;border-bottom-width:0;border-right-width:var(--galleries-pointer-border-width);border-top-width:var(--galleries-pointer-border-width)}.elementor-gallery__titles-container.e--pointer-framed.e--animation-corners .elementor-item:before{border-left-width:var(--galleries-pointer-border-width);border-bottom-width:0;border-right-width:0;border-top-width:var(--galleries-pointer-border-width)}.elementor-gallery__titles-container.e--pointer-framed.e--animation-corners .elementor-item:after{border-left-width:0;border-bottom-width:var(--galleries-pointer-border-width);border-right-width:var(--galleries-pointer-border-width);border-top-width:0}.elementor-gallery__titles-container .e--pointer-double-line .elementor-item:after,.elementor-gallery__titles-container .e--pointer-double-line .elementor-item:before,.elementor-gallery__titles-container .e--pointer-overline .elementor-item:before,.elementor-gallery__titles-container .e--pointer-underline .elementor-item:after{height:var(--galleries-pointer-border-width)}.elementor-gallery-title{--space-between:10px;cursor:pointer;color:#6d7882;font-weight:500;position:relative;padding:7px 14px;transition:all .3s}.elementor-gallery-title--active{color:#495157}.elementor-gallery-title:not(:last-child){margin-right:var(--space-between)}.elementor-gallery-item__title+.elementor-gallery-item__description{margin-top:var(--description-margin-top)}.e-gallery-item.elementor-gallery-item{transition-property:all}.e-gallery-item.elementor-animated-content .elementor-animated-item--enter-from-bottom,.e-gallery-item.elementor-animated-content .elementor-animated-item--enter-from-left,.e-gallery-item.elementor-animated-content .elementor-animated-item--enter-from-right,.e-gallery-item.elementor-animated-content .elementor-animated-item--enter-from-top,.e-gallery-item:focus .elementor-gallery__item-overlay-bg,.e-gallery-item:focus .elementor-gallery__item-overlay-content,.e-gallery-item:focus .elementor-gallery__item-overlay-content__description,.e-gallery-item:focus .elementor-gallery__item-overlay-content__title,.e-gallery-item:hover .elementor-gallery__item-overlay-bg,.e-gallery-item:hover .elementor-gallery__item-overlay-content,.e-gallery-item:hover .elementor-gallery__item-overlay-content__description,.e-gallery-item:hover .elementor-gallery__item-overlay-content__title{opacity:1}a.elementor-item.elementor-gallery-title{color:var(--galleries-title-color-normal)}a.elementor-item.elementor-gallery-title.elementor-item-active,a.elementor-item.elementor-gallery-title.highlighted,a.elementor-item.elementor-gallery-title:focus,a.elementor-item.elementor-gallery-title:hover{color:var(--galleries-title-color-hover)}a.elementor-item.elementor-gallery-title.elementor-item-active{color:var(--gallery-title-color-active)}.e-con-inner>.elementor-widget-gallery,.e-con>.elementor-widget-gallery{width:var(--container-widget-width);--flex-grow:var(--container-widget-flex-grow)}<\/style>\t\t<div class=\"elementor-gallery__container\">\n\t\t\t\t\t\t\t<a class=\"e-gallery-item elementor-gallery-item elementor-animated-content\" href=\"https:\/\/tlustacara.cz\/wp-content\/uploads\/2022\/07\/2021-10-16_CP-Hermanovce-2.jpg\" data-elementor-open-lightbox=\"yes\" data-elementor-lightbox-slideshow=\"33afd30\" data-elementor-lightbox-title=\"(c) Jana Plavec\" data-e-action-hash=\"#elementor-action%3Aaction%3Dlightbox%26settings%3DeyJpZCI6NDE2NSwidXJsIjoiaHR0cHM6XC9cL3RsdXN0YWNhcmEuY3pcL3dwLWNvbnRlbnRcL3VwbG9hZHNcLzIwMjJcLzA3XC8yMDIxLTEwLTE2X0NQLUhlcm1hbm92Y2UtMi5qcGciLCJzbGlkZXNob3ciOiIzM2FmZDMwIn0%3D\">\n\t\t\t\t\t<div class=\"e-gallery-image elementor-gallery-item__image\" data-thumbnail=\"https:\/\/tlustacara.cz\/wp-content\/uploads\/2022\/07\/2021-10-16_CP-Hermanovce-2.jpg\" data-width=\"2048\" data-height=\"1367\" aria-label=\"romsk\u00e9 osady um\u011bleck\u00e1 skupina tlust\u00e1 \u010d\u00e1ra\" role=\"img\" ><\/div>\n\t\t\t\t\t\t\t\t\t\t\t<div class=\"elementor-gallery-item__overlay\"><\/div>\n\t\t\t\t\t\t\t\t\t\t\t\t\t\t<\/a>\n\t\t\t\t\t<\/div>\n\t\t\t<\/div>\n\t\t\t\t<\/div>\n\t\t\t\t<div class=\"elementor-element elementor-element-de15856 elementor-widget elementor-widget-heading\" data-id=\"de15856\" data-element_type=\"widget\" data-widget_type=\"heading.default\">\n\t\t\t\t<div class=\"elementor-widget-container\">\n\t\t\t<h3 class=\"elementor-heading-title elementor-size-default\">Nen\u00ed Pre\u0161ov jako \u0160ari\u0161<\/h3>\t\t<\/div>\n\t\t\t\t<\/div>\n\t\t\t\t<div class=\"elementor-element elementor-element-1dcaaf5 elementor-widget elementor-widget-text-editor\" data-id=\"1dcaaf5\" data-element_type=\"widget\" data-widget_type=\"text-editor.default\">\n\t\t\t\t<div class=\"elementor-widget-container\">\n\t\t\t\t\t\t\t\t<div class=\"elementor-text-editor elementor-clearfix\">\n\t\t\t\t<p><span style=\"color: #000000;\">Z\u00e1pisek ze\u00a0sv\u00e9 cesty sepisuji n\u011bkolik m\u011bs\u00edc\u016f po n\u00e1vratu. M\u00e1 to sv\u00e9 pro i proti. N\u011bco si pamatujete, n\u011bco si nepamatujete, n\u011bco nikdy nezapomenete a n\u011bco tak\u00e9 uzraje. Opadla pon\u00e1vratov\u00e1 euforie a \u010dlov\u011bk vid\u00ed situaci podstatn\u011b jasn\u011bji.<\/span><\/p><p>P\u0159\u00edjezd na Slovensko zapo\u010dal ve m\u011bst\u011b Pre\u0161ov. M\u011bsto m\u011b v\u00a0prvn\u00ed moment nikterak neokouzlilo. Kv\u016fli st\u00e1vaj\u00edc\u00edm COVID restrikc\u00edm p\u016fsobilo smutn\u011b. Okolo 20. hodiny jsme se rozhodli zaj\u00edt do m\u011bsta na \u0161kopek piva. Na\u0161e ubytov\u00e1n\u00ed, kter\u00e9 bylo v\u00a0hotelu \u0160ari\u0161 (1 hv\u011bzda na Google hodnocen\u00ed), jasn\u011b p\u0159edur\u010dilo nutnost co nejrychleji vypadnout a psychicky se p\u0159ipravit na noc v\u00a0tomhle stra\u0161ideln\u00e9m hotelu. Ve m\u011bst\u011b jsme potkali opilou ml\u00e1de\u017e, ale i ta po chv\u00edli utichla. \u010clov\u011bk by se v\u00a0tento moment mohl uch\u00fdlit do chv\u00edle melancholie a pozorov\u00e1n\u00ed ticha velkom\u011bsta, ale my\u0161lenky na hotel \u0160ari\u0161 n\u00e1m nedaly pokoj, po\u0159\u00eddili jsme dv\u011b piva a \u0161li se odklidit.<\/p><p>Pre\u0161ov v\u0161ak hned vz\u00e1p\u011bt\u00ed uk\u00e1zal svoji druhou skv\u011blou str\u00e1nku. Dostali jsme pozv\u00e1n\u00ed od Juraje a Tamary K\u00fdrov\u00fdch na rann\u00ed gul\u00e1\u0161! Juraj a Tamara jsou Romov\u00e9 \u017eij\u00edc\u00ed v \u010d\u00e1sti Pre\u0161ova s n\u00e1zvem Solivar. Jestli n\u011bkdy budete v\u00a0Pre\u0161ov\u011b a nebudete se c\u00edtit dob\u0159e, je\u010fte pros\u00edm do \u010dtvrti Solivar. Kr\u00e1sn\u00e9 m\u00edsto, malovan\u00e9 dome\u010dky, modr\u00e9 nebe nad hlavou, slunce v\u00a0z\u00e1dech.<\/p>\t\t\t\t\t<\/div>\n\t\t\t\t\t\t<\/div>\n\t\t\t\t<\/div>\n\t\t\t\t<div class=\"elementor-element elementor-element-dadad74 elementor-widget-mobile__width-inherit elementor-widget elementor-widget-gallery\" data-id=\"dadad74\" data-element_type=\"widget\" data-settings=\"{&quot;columns&quot;:1,&quot;gap&quot;:{&quot;unit&quot;:&quot;px&quot;,&quot;size&quot;:25,&quot;sizes&quot;:[]},&quot;aspect_ratio&quot;:&quot;4:3&quot;,&quot;lazyload&quot;:&quot;yes&quot;,&quot;gallery_layout&quot;:&quot;grid&quot;,&quot;columns_tablet&quot;:2,&quot;columns_mobile&quot;:1,&quot;gap_tablet&quot;:{&quot;unit&quot;:&quot;px&quot;,&quot;size&quot;:10,&quot;sizes&quot;:[]},&quot;gap_mobile&quot;:{&quot;unit&quot;:&quot;px&quot;,&quot;size&quot;:10,&quot;sizes&quot;:[]},&quot;link_to&quot;:&quot;file&quot;,&quot;overlay_background&quot;:&quot;yes&quot;,&quot;content_hover_animation&quot;:&quot;fade-in&quot;}\" data-widget_type=\"gallery.default\">\n\t\t\t\t<div class=\"elementor-widget-container\">\n\t\t\t\t\t<div class=\"elementor-gallery__container\">\n\t\t\t\t\t\t\t<a class=\"e-gallery-item elementor-gallery-item elementor-animated-content\" href=\"https:\/\/tlustacara.cz\/wp-content\/uploads\/2022\/07\/2021-10-16_CP-Hermanovce-10.jpg\" data-elementor-open-lightbox=\"yes\" data-elementor-lightbox-slideshow=\"dadad74\" data-elementor-lightbox-title=\"(c) Jana Plavec\" data-e-action-hash=\"#elementor-action%3Aaction%3Dlightbox%26settings%3DeyJpZCI6NDE2OCwidXJsIjoiaHR0cHM6XC9cL3RsdXN0YWNhcmEuY3pcL3dwLWNvbnRlbnRcL3VwbG9hZHNcLzIwMjJcLzA3XC8yMDIxLTEwLTE2X0NQLUhlcm1hbm92Y2UtMTAuanBnIiwic2xpZGVzaG93IjoiZGFkYWQ3NCJ9\">\n\t\t\t\t\t<div class=\"e-gallery-image elementor-gallery-item__image\" data-thumbnail=\"https:\/\/tlustacara.cz\/wp-content\/uploads\/2022\/07\/2021-10-16_CP-Hermanovce-10-1024x684.jpg\" data-width=\"1024\" data-height=\"684\" aria-label=\"romsk\u00e9 osady um\u011bleck\u00e1 skupina tlust\u00e1 \u010d\u00e1ra\" role=\"img\" ><\/div>\n\t\t\t\t\t\t\t\t\t\t\t<div class=\"elementor-gallery-item__overlay\"><\/div>\n\t\t\t\t\t\t\t\t\t\t\t\t\t\t<\/a>\n\t\t\t\t\t\t\t<a class=\"e-gallery-item elementor-gallery-item elementor-animated-content\" href=\"https:\/\/tlustacara.cz\/wp-content\/uploads\/2022\/07\/2021-10-16_CP-Hermanovce-6.jpg\" data-elementor-open-lightbox=\"yes\" data-elementor-lightbox-slideshow=\"dadad74\" data-elementor-lightbox-title=\"(c) Jana Plavec\" data-e-action-hash=\"#elementor-action%3Aaction%3Dlightbox%26settings%3DeyJpZCI6NDE2NywidXJsIjoiaHR0cHM6XC9cL3RsdXN0YWNhcmEuY3pcL3dwLWNvbnRlbnRcL3VwbG9hZHNcLzIwMjJcLzA3XC8yMDIxLTEwLTE2X0NQLUhlcm1hbm92Y2UtNi5qcGciLCJzbGlkZXNob3ciOiJkYWRhZDc0In0%3D\">\n\t\t\t\t\t<div class=\"e-gallery-image elementor-gallery-item__image\" data-thumbnail=\"https:\/\/tlustacara.cz\/wp-content\/uploads\/2022\/07\/2021-10-16_CP-Hermanovce-6-1024x684.jpg\" data-width=\"1024\" data-height=\"684\" aria-label=\"romsk\u00e9 osady um\u011bleck\u00e1 skupina tlust\u00e1 \u010d\u00e1ra\" role=\"img\" ><\/div>\n\t\t\t\t\t\t\t\t\t\t\t<div class=\"elementor-gallery-item__overlay\"><\/div>\n\t\t\t\t\t\t\t\t\t\t\t\t\t\t<\/a>\n\t\t\t\t\t\t\t<a class=\"e-gallery-item elementor-gallery-item elementor-animated-content\" href=\"https:\/\/tlustacara.cz\/wp-content\/uploads\/2022\/07\/2021-10-16_CP-Hermanovce-12.jpg\" data-elementor-open-lightbox=\"yes\" data-elementor-lightbox-slideshow=\"dadad74\" data-elementor-lightbox-title=\"(c) Jana Plavec\" data-e-action-hash=\"#elementor-action%3Aaction%3Dlightbox%26settings%3DeyJpZCI6NDE2OSwidXJsIjoiaHR0cHM6XC9cL3RsdXN0YWNhcmEuY3pcL3dwLWNvbnRlbnRcL3VwbG9hZHNcLzIwMjJcLzA3XC8yMDIxLTEwLTE2X0NQLUhlcm1hbm92Y2UtMTIuanBnIiwic2xpZGVzaG93IjoiZGFkYWQ3NCJ9\">\n\t\t\t\t\t<div class=\"e-gallery-image elementor-gallery-item__image\" data-thumbnail=\"https:\/\/tlustacara.cz\/wp-content\/uploads\/2022\/07\/2021-10-16_CP-Hermanovce-12-1024x684.jpg\" data-width=\"1024\" data-height=\"684\" aria-label=\"romsk\u00e9 osady um\u011bleck\u00e1 skupina tlust\u00e1 \u010d\u00e1ra\" role=\"img\" ><\/div>\n\t\t\t\t\t\t\t\t\t\t\t<div class=\"elementor-gallery-item__overlay\"><\/div>\n\t\t\t\t\t\t\t\t\t\t\t\t\t\t<\/a>\n\t\t\t\t\t<\/div>\n\t\t\t<\/div>\n\t\t\t\t<\/div>\n\t\t\t\t<div class=\"elementor-element elementor-element-3717453 elementor-widget elementor-widget-text-editor\" data-id=\"3717453\" data-element_type=\"widget\" data-widget_type=\"text-editor.default\">\n\t\t\t\t<div class=\"elementor-widget-container\">\n\t\t\t\t\t\t\t\t<div class=\"elementor-text-editor elementor-clearfix\">\n\t\t\t\t<p>Jeliko\u017e se jednalo o zast\u00e1vku mezi Pre\u0161ovem a osadou Hermanovce, do\u0161lo u stolu p\u0159irozen\u011b i na diskusi o vztaz\u00edch Rom\u016f a majoritn\u00ed spole\u010dnosti. V\u00a0tenhle moment se za\u010dnete c\u00edtit samoz\u0159ejm\u011b zvl\u00e1\u0161tn\u011b. Jste si v\u011bdom historie, ale i sou\u010dasnosti. Jak\u00e9koli koment\u00e1\u0159e, konstatov\u00e1n\u00ed, obhajoby nebo hled\u00e1n\u00ed kompromis\u016f jsou pom\u011brn\u011b slo\u017eit\u00e9.<\/p><p>Rvete si chleb\u00ed\u010dek do \u00fast, poslouch\u00e1te, ale tak\u00e9 se sna\u017e\u00edte b\u00fdt \u010d\u00e1ste\u010dn\u011b nep\u0159\u00edtomn\u00fdm. Na jednu stranu V\u00e1s napad\u00e1 argument sou\u010dasnosti, kdy spole\u010dnost v\u00a0historick\u00e9m kontrastu nikdy nebyla natolik naklon\u011bna a otev\u0159ena v\u0161emu a v\u0161em, na druhou stranu polyk\u00e1te trpkou skute\u010dnost a uv\u011bdomujete si, \u017ee to tak vlastn\u011b \u00fapln\u011b nen\u00ed.<\/p>\t\t\t\t\t<\/div>\n\t\t\t\t\t\t<\/div>\n\t\t\t\t<\/div>\n\t\t\t\t<div class=\"elementor-element elementor-element-96298d4 elementor-widget-mobile__width-inherit elementor-widget elementor-widget-gallery\" data-id=\"96298d4\" data-element_type=\"widget\" data-settings=\"{&quot;columns&quot;:1,&quot;gap&quot;:{&quot;unit&quot;:&quot;px&quot;,&quot;size&quot;:25,&quot;sizes&quot;:[]},&quot;lazyload&quot;:&quot;yes&quot;,&quot;gallery_layout&quot;:&quot;grid&quot;,&quot;columns_tablet&quot;:2,&quot;columns_mobile&quot;:1,&quot;gap_tablet&quot;:{&quot;unit&quot;:&quot;px&quot;,&quot;size&quot;:10,&quot;sizes&quot;:[]},&quot;gap_mobile&quot;:{&quot;unit&quot;:&quot;px&quot;,&quot;size&quot;:10,&quot;sizes&quot;:[]},&quot;link_to&quot;:&quot;file&quot;,&quot;aspect_ratio&quot;:&quot;3:2&quot;,&quot;overlay_background&quot;:&quot;yes&quot;,&quot;content_hover_animation&quot;:&quot;fade-in&quot;}\" data-widget_type=\"gallery.default\">\n\t\t\t\t<div class=\"elementor-widget-container\">\n\t\t\t\t\t<div class=\"elementor-gallery__container\">\n\t\t\t\t\t\t\t<a class=\"e-gallery-item elementor-gallery-item elementor-animated-content\" href=\"https:\/\/tlustacara.cz\/wp-content\/uploads\/2022\/07\/2021-10-16_CP-Hermanovce-5.jpg\" data-elementor-open-lightbox=\"yes\" data-elementor-lightbox-slideshow=\"96298d4\" data-elementor-lightbox-title=\"(c) Jana Plavec\" data-e-action-hash=\"#elementor-action%3Aaction%3Dlightbox%26settings%3DeyJpZCI6NDE2NiwidXJsIjoiaHR0cHM6XC9cL3RsdXN0YWNhcmEuY3pcL3dwLWNvbnRlbnRcL3VwbG9hZHNcLzIwMjJcLzA3XC8yMDIxLTEwLTE2X0NQLUhlcm1hbm92Y2UtNS5qcGciLCJzbGlkZXNob3ciOiI5NjI5OGQ0In0%3D\">\n\t\t\t\t\t<div class=\"e-gallery-image elementor-gallery-item__image\" data-thumbnail=\"https:\/\/tlustacara.cz\/wp-content\/uploads\/2022\/07\/2021-10-16_CP-Hermanovce-5.jpg\" data-width=\"2048\" data-height=\"1367\" aria-label=\"\" role=\"img\" ><\/div>\n\t\t\t\t\t\t\t\t\t\t\t<div class=\"elementor-gallery-item__overlay\"><\/div>\n\t\t\t\t\t\t\t\t\t\t\t\t\t\t<\/a>\n\t\t\t\t\t<\/div>\n\t\t\t<\/div>\n\t\t\t\t<\/div>\n\t\t\t\t<div class=\"elementor-element elementor-element-9930203 elementor-widget elementor-widget-heading\" data-id=\"9930203\" data-element_type=\"widget\" data-widget_type=\"heading.default\">\n\t\t\t\t<div class=\"elementor-widget-container\">\n\t\t\t<h3 class=\"elementor-heading-title elementor-size-default\">Jedeme do Osad! <\/h3>\t\t<\/div>\n\t\t\t\t<\/div>\n\t\t\t\t<div class=\"elementor-element elementor-element-3b034ca elementor-widget elementor-widget-text-editor\" data-id=\"3b034ca\" data-element_type=\"widget\" data-widget_type=\"text-editor.default\">\n\t\t\t\t<div class=\"elementor-widget-container\">\n\t\t\t\t\t\t\t\t<div class=\"elementor-text-editor elementor-clearfix\">\n\t\t\t\t<p>Kde za\u010d\u00edt!<\/p><p>P\u0159\u00edjezd do osady doprov\u00e1zelo velmi hezk\u00e9 po\u010das\u00ed, modr\u00e9 nebe t\u00e9m\u011b\u0159 bez mr\u00e1\u010dku a slun\u00ed\u010dko. P\u0159i prvn\u00edm pohledu na domy v\u00a0osad\u011b \u010dlov\u011bku samoz\u0159ejm\u011b otrne. Hled\u00e1m spr\u00e1vn\u00fd n\u00e1zev, jak jednotliv\u00e1 obydl\u00ed nazvat. Jsou to d\u0159ev\u011bn\u00e9, provizorn\u011b sbit\u00e9 chatr\u010de. Nen\u00ed zde chodn\u00edk ani cesta, pouze udusan\u00e1 hl\u00edna. Postupn\u011b se k\u00a0n\u00e1m a k dod\u00e1vce s\u00a0v\u011bcmi nahrne v\u011bt\u0161ina obyvatel osady. Doch\u00e1zelo k\u00a0letm\u00e9mu sezn\u00e1men\u00ed a pozdrav\u016fm. Velmi mile n\u00e1s v\u00edtaly m\u00edstn\u00ed d\u011bti, kter\u00e9 ze za\u010d\u00e1tku m\u011bly men\u0161\u00ed ostych, ten v\u0161ak brzy ode\u0161el.<\/p><p>V\u011bci ze sb\u00edrky naplnily celou dod\u00e1vku. Sb\u00edrka obsahovala oble\u010den\u00ed, hygienick\u00e9 pot\u0159eby, hra\u010dky pro d\u011bti a j\u00eddlo. P\u0159i p\u0159\u00edjezdu na m\u00edsto n\u00e1s v\u00edt\u00e1 Vajda. Vajda je nepsan\u00fd \u0161\u00e9f osady, kter\u00fd m\u00e1 na starosti po\u0159\u00e1dek a klid. Jeho dal\u0161\u00ed pravomoce mi v\u0161ak v\u00edce zn\u00e1m\u00e9 nejsou.<\/p><p>Rozd\u011blen\u00ed sb\u00edrky se v\u011bnoval Vajda a na\u0161e mu\u017esk\u00e1 pos\u00e1dka skupiny. Spole\u010dn\u011b s\u00a0Janou jsme se vydaly poznat okol\u00ed, sezn\u00e1mit se s\u00a0m\u00edstn\u00edmi a z\u00edskat zaj\u00edmav\u00e9 informace o \u017eivot\u011b v\u00a0osad\u011b.<\/p>\t\t\t\t\t<\/div>\n\t\t\t\t\t\t<\/div>\n\t\t\t\t<\/div>\n\t\t\t\t<div class=\"elementor-element elementor-element-cfd1fb3 elementor-widget-mobile__width-inherit elementor-widget elementor-widget-gallery\" data-id=\"cfd1fb3\" data-element_type=\"widget\" data-settings=\"{&quot;columns&quot;:1,&quot;gap&quot;:{&quot;unit&quot;:&quot;px&quot;,&quot;size&quot;:25,&quot;sizes&quot;:[]},&quot;aspect_ratio&quot;:&quot;4:3&quot;,&quot;lazyload&quot;:&quot;yes&quot;,&quot;gallery_layout&quot;:&quot;grid&quot;,&quot;columns_tablet&quot;:2,&quot;columns_mobile&quot;:1,&quot;gap_tablet&quot;:{&quot;unit&quot;:&quot;px&quot;,&quot;size&quot;:10,&quot;sizes&quot;:[]},&quot;gap_mobile&quot;:{&quot;unit&quot;:&quot;px&quot;,&quot;size&quot;:10,&quot;sizes&quot;:[]},&quot;link_to&quot;:&quot;file&quot;,&quot;overlay_background&quot;:&quot;yes&quot;,&quot;content_hover_animation&quot;:&quot;fade-in&quot;}\" data-widget_type=\"gallery.default\">\n\t\t\t\t<div class=\"elementor-widget-container\">\n\t\t\t\t\t<div class=\"elementor-gallery__container\">\n\t\t\t\t\t\t\t<a class=\"e-gallery-item elementor-gallery-item elementor-animated-content\" href=\"https:\/\/tlustacara.cz\/wp-content\/uploads\/2022\/01\/246556299_1216070405561679_5021531469969392919_n.jpg\" data-elementor-open-lightbox=\"yes\" data-elementor-lightbox-slideshow=\"cfd1fb3\" data-elementor-lightbox-title=\"(c) Jana Plavec\" data-e-action-hash=\"#elementor-action%3Aaction%3Dlightbox%26settings%3DeyJpZCI6NDE5NCwidXJsIjoiaHR0cHM6XC9cL3RsdXN0YWNhcmEuY3pcL3dwLWNvbnRlbnRcL3VwbG9hZHNcLzIwMjJcLzAxXC8yNDY1NTYyOTlfMTIxNjA3MDQwNTU2MTY3OV81MDIxNTMxNDY5OTY5MzkyOTE5X24uanBnIiwic2xpZGVzaG93IjoiY2ZkMWZiMyJ9\">\n\t\t\t\t\t<div class=\"e-gallery-image elementor-gallery-item__image\" data-thumbnail=\"https:\/\/tlustacara.cz\/wp-content\/uploads\/2022\/01\/246556299_1216070405561679_5021531469969392919_n.jpg\" data-width=\"2048\" data-height=\"1367\" aria-label=\"romsk\u00e9 osady um\u011bleck\u00e1 skupina tlust\u00e1 \u010d\u00e1ra\" role=\"img\" ><\/div>\n\t\t\t\t\t\t\t\t\t\t\t<div class=\"elementor-gallery-item__overlay\"><\/div>\n\t\t\t\t\t\t\t\t\t\t\t\t\t\t<\/a>\n\t\t\t\t\t\t\t<a class=\"e-gallery-item elementor-gallery-item elementor-animated-content\" href=\"https:\/\/tlustacara.cz\/wp-content\/uploads\/2022\/01\/247088309_1216070412228345_1627391741661434653_n.jpg\" data-elementor-open-lightbox=\"yes\" data-elementor-lightbox-slideshow=\"cfd1fb3\" data-elementor-lightbox-title=\"(c) Jana Plavec\" data-e-action-hash=\"#elementor-action%3Aaction%3Dlightbox%26settings%3DeyJpZCI6NDE5MywidXJsIjoiaHR0cHM6XC9cL3RsdXN0YWNhcmEuY3pcL3dwLWNvbnRlbnRcL3VwbG9hZHNcLzIwMjJcLzAxXC8yNDcwODgzMDlfMTIxNjA3MDQxMjIyODM0NV8xNjI3MzkxNzQxNjYxNDM0NjUzX24uanBnIiwic2xpZGVzaG93IjoiY2ZkMWZiMyJ9\">\n\t\t\t\t\t<div class=\"e-gallery-image elementor-gallery-item__image\" data-thumbnail=\"https:\/\/tlustacara.cz\/wp-content\/uploads\/2022\/01\/247088309_1216070412228345_1627391741661434653_n.jpg\" data-width=\"2048\" data-height=\"1367\" aria-label=\"romsk\u00e9 osady um\u011bleck\u00e1 skupina tlust\u00e1 \u010d\u00e1ra\" role=\"img\" ><\/div>\n\t\t\t\t\t\t\t\t\t\t\t<div class=\"elementor-gallery-item__overlay\"><\/div>\n\t\t\t\t\t\t\t\t\t\t\t\t\t\t<\/a>\n\t\t\t\t\t\t\t<a class=\"e-gallery-item elementor-gallery-item elementor-animated-content\" href=\"https:\/\/tlustacara.cz\/wp-content\/uploads\/2022\/01\/246364267_1216070302228356_3180289401355970871_n.jpg\" data-elementor-open-lightbox=\"yes\" data-elementor-lightbox-slideshow=\"cfd1fb3\" data-elementor-lightbox-title=\"(c) Jana Plavec\" data-e-action-hash=\"#elementor-action%3Aaction%3Dlightbox%26settings%3DeyJpZCI6NDE5MSwidXJsIjoiaHR0cHM6XC9cL3RsdXN0YWNhcmEuY3pcL3dwLWNvbnRlbnRcL3VwbG9hZHNcLzIwMjJcLzAxXC8yNDYzNjQyNjdfMTIxNjA3MDMwMjIyODM1Nl8zMTgwMjg5NDAxMzU1OTcwODcxX24uanBnIiwic2xpZGVzaG93IjoiY2ZkMWZiMyJ9\">\n\t\t\t\t\t<div class=\"e-gallery-image elementor-gallery-item__image\" data-thumbnail=\"https:\/\/tlustacara.cz\/wp-content\/uploads\/2022\/01\/246364267_1216070302228356_3180289401355970871_n.jpg\" data-width=\"2048\" data-height=\"1367\" aria-label=\"romsk\u00e9 osady um\u011bleck\u00e1 skupina tlust\u00e1 \u010d\u00e1ra\" role=\"img\" ><\/div>\n\t\t\t\t\t\t\t\t\t\t\t<div class=\"elementor-gallery-item__overlay\"><\/div>\n\t\t\t\t\t\t\t\t\t\t\t\t\t\t<\/a>\n\t\t\t\t\t\t\t<a class=\"e-gallery-item elementor-gallery-item elementor-animated-content\" href=\"https:\/\/tlustacara.cz\/wp-content\/uploads\/2022\/07\/2021-10-16_CP-Hermanovce-98.jpg\" data-elementor-open-lightbox=\"yes\" data-elementor-lightbox-slideshow=\"cfd1fb3\" data-elementor-lightbox-title=\"(c) Jana Plavec\" data-e-action-hash=\"#elementor-action%3Aaction%3Dlightbox%26settings%3DeyJpZCI6NDE4MSwidXJsIjoiaHR0cHM6XC9cL3RsdXN0YWNhcmEuY3pcL3dwLWNvbnRlbnRcL3VwbG9hZHNcLzIwMjJcLzA3XC8yMDIxLTEwLTE2X0NQLUhlcm1hbm92Y2UtOTguanBnIiwic2xpZGVzaG93IjoiY2ZkMWZiMyJ9\">\n\t\t\t\t\t<div class=\"e-gallery-image elementor-gallery-item__image\" data-thumbnail=\"https:\/\/tlustacara.cz\/wp-content\/uploads\/2022\/07\/2021-10-16_CP-Hermanovce-98.jpg\" data-width=\"2048\" data-height=\"1367\" aria-label=\"\" role=\"img\" ><\/div>\n\t\t\t\t\t\t\t\t\t\t\t<div class=\"elementor-gallery-item__overlay\"><\/div>\n\t\t\t\t\t\t\t\t\t\t\t\t\t\t<\/a>\n\t\t\t\t\t\t\t<a class=\"e-gallery-item elementor-gallery-item elementor-animated-content\" href=\"https:\/\/tlustacara.cz\/wp-content\/uploads\/2022\/01\/246530110_1216070408895012_5142964399173855196_n.jpg\" data-elementor-open-lightbox=\"yes\" data-elementor-lightbox-slideshow=\"cfd1fb3\" data-elementor-lightbox-title=\"(c) Jana Plavec\" data-e-action-hash=\"#elementor-action%3Aaction%3Dlightbox%26settings%3DeyJpZCI6NDE5MiwidXJsIjoiaHR0cHM6XC9cL3RsdXN0YWNhcmEuY3pcL3dwLWNvbnRlbnRcL3VwbG9hZHNcLzIwMjJcLzAxXC8yNDY1MzAxMTBfMTIxNjA3MDQwODg5NTAxMl81MTQyOTY0Mzk5MTczODU1MTk2X24uanBnIiwic2xpZGVzaG93IjoiY2ZkMWZiMyJ9\">\n\t\t\t\t\t<div class=\"e-gallery-image elementor-gallery-item__image\" data-thumbnail=\"https:\/\/tlustacara.cz\/wp-content\/uploads\/2022\/01\/246530110_1216070408895012_5142964399173855196_n.jpg\" data-width=\"2048\" data-height=\"1367\" aria-label=\"\" role=\"img\" ><\/div>\n\t\t\t\t\t\t\t\t\t\t\t<div class=\"elementor-gallery-item__overlay\"><\/div>\n\t\t\t\t\t\t\t\t\t\t\t\t\t\t<\/a>\n\t\t\t\t\t<\/div>\n\t\t\t<\/div>\n\t\t\t\t<\/div>\n\t\t\t\t<div class=\"elementor-element elementor-element-c30c6f5 elementor-widget elementor-widget-heading\" data-id=\"c30c6f5\" data-element_type=\"widget\" data-widget_type=\"heading.default\">\n\t\t\t\t<div class=\"elementor-widget-container\">\n\t\t\t<h3 class=\"elementor-heading-title elementor-size-default\">Teto, pozor hovno<\/h3>\t\t<\/div>\n\t\t\t\t<\/div>\n\t\t\t\t<div class=\"elementor-element elementor-element-e44e764 elementor-widget elementor-widget-text-editor\" data-id=\"e44e764\" data-element_type=\"widget\" data-widget_type=\"text-editor.default\">\n\t\t\t\t<div class=\"elementor-widget-container\">\n\t\t\t\t\t\t\t\t<div class=\"elementor-text-editor elementor-clearfix\">\n\t\t\t\t<p>Asi tou nejsiln\u011bj\u0161\u00ed emoc\u00ed, kterou m\u00e1m st\u00e1le v\u00a0hlav\u011b, jsou d\u011bti.<\/p><p>\u201eTeto, bude\u0161 moje mama?\u201c<\/p><p>\u201eTeto, ty von\u00ed\u0161.\u201c<\/p><p>\u201eTeto, pozor hovno.\u201c<\/p><p>\u201eTeto, vem si,\u201c chlape\u010dek otev\u0159e u\u0161mudlanou igelitku, do kter\u00e9 si vzal sladkosti pro d\u011bti, p\u0159i odm\u00edtnut\u00ed a pokynu, a\u0165 si dobroty u\u017eije, \u0159ekne \u201eteto nerob,\u201c a nab\u00edz\u00ed v\u00e1m pochutinky d\u00e1le.<\/p><p>Na tahle slova se ned\u00e1 zapomenout. D\u011bti jsou velmi kontaktn\u00ed a po p\u00e1r minut\u00e1ch se n\u00e1s uj\u00edmaj\u00ed. Chyt\u00ed n\u00e1s za ruce a cht\u011bj\u00ed n\u00e1m v\u0161e uk\u00e1zat. A\u010dkoli jsou d\u011bti velmi mil\u00e9 a komunikativn\u00ed, nejde si nev\u0161imnout dopadu prost\u0159ed\u00ed. Maj\u00ed \u0161pinav\u00e9 oble\u010den\u00ed, ruce, obli\u010dej. Men\u0161\u00ed d\u011bti jsou velmi bezstarostn\u00e9. Jako blond\u00fdnka zaujmu jejich pozornost i svou barvou vlas\u016f, kterou dote\u010f mo\u017en\u00e1 je\u0161t\u011b nevid\u011bly. \u201eTeto, ty m\u00e1\u0161 sv\u011btl\u00e9 vlasy, teto, ty m\u00e1\u0161 modr\u00e9 o\u010di.\u201c Je to velmi mil\u00e9 a d\u011bti si nen\u00ed mo\u017en\u00e9 nezamilovat.<\/p><p>Tan\u010d\u00ed, zp\u00edvaj\u00ed, poskakuj\u00ed a cht\u011bj\u00ed s\u00a0n\u00e1mi tr\u00e1vit ka\u017edou chv\u00edli.<\/p>\t\t\t\t\t<\/div>\n\t\t\t\t\t\t<\/div>\n\t\t\t\t<\/div>\n\t\t\t\t<div class=\"elementor-element elementor-element-79de40a elementor-widget-mobile__width-inherit elementor-widget elementor-widget-gallery\" data-id=\"79de40a\" data-element_type=\"widget\" data-settings=\"{&quot;columns&quot;:1,&quot;gap&quot;:{&quot;unit&quot;:&quot;px&quot;,&quot;size&quot;:25,&quot;sizes&quot;:[]},&quot;lazyload&quot;:&quot;yes&quot;,&quot;gallery_layout&quot;:&quot;grid&quot;,&quot;columns_tablet&quot;:2,&quot;columns_mobile&quot;:1,&quot;gap_tablet&quot;:{&quot;unit&quot;:&quot;px&quot;,&quot;size&quot;:10,&quot;sizes&quot;:[]},&quot;gap_mobile&quot;:{&quot;unit&quot;:&quot;px&quot;,&quot;size&quot;:10,&quot;sizes&quot;:[]},&quot;link_to&quot;:&quot;file&quot;,&quot;aspect_ratio&quot;:&quot;3:2&quot;,&quot;overlay_background&quot;:&quot;yes&quot;,&quot;content_hover_animation&quot;:&quot;fade-in&quot;}\" data-widget_type=\"gallery.default\">\n\t\t\t\t<div class=\"elementor-widget-container\">\n\t\t\t\t\t<div class=\"elementor-gallery__container\">\n\t\t\t\t\t\t\t<a class=\"e-gallery-item elementor-gallery-item elementor-animated-content\" href=\"https:\/\/tlustacara.cz\/wp-content\/uploads\/2022\/07\/2021-10-16_CP-Hermanovce-119.jpg\" data-elementor-open-lightbox=\"yes\" data-elementor-lightbox-slideshow=\"79de40a\" data-elementor-lightbox-title=\"(c) Jana Plavec\" data-e-action-hash=\"#elementor-action%3Aaction%3Dlightbox%26settings%3DeyJpZCI6NDE4MiwidXJsIjoiaHR0cHM6XC9cL3RsdXN0YWNhcmEuY3pcL3dwLWNvbnRlbnRcL3VwbG9hZHNcLzIwMjJcLzA3XC8yMDIxLTEwLTE2X0NQLUhlcm1hbm92Y2UtMTE5LmpwZyIsInNsaWRlc2hvdyI6Ijc5ZGU0MGEifQ%3D%3D\">\n\t\t\t\t\t<div class=\"e-gallery-image elementor-gallery-item__image\" data-thumbnail=\"https:\/\/tlustacara.cz\/wp-content\/uploads\/2022\/07\/2021-10-16_CP-Hermanovce-119.jpg\" data-width=\"2048\" data-height=\"1367\" aria-label=\"romsk\u00e9 osady um\u011bleck\u00e1 skupina tlust\u00e1 \u010d\u00e1ra\" role=\"img\" ><\/div>\n\t\t\t\t\t\t\t\t\t\t\t<div class=\"elementor-gallery-item__overlay\"><\/div>\n\t\t\t\t\t\t\t\t\t\t\t\t\t\t<\/a>\n\t\t\t\t\t\t\t<a class=\"e-gallery-item elementor-gallery-item elementor-animated-content\" href=\"https:\/\/tlustacara.cz\/wp-content\/uploads\/2022\/07\/2021-10-16_CP-Hermanovce-23.jpg\" data-elementor-open-lightbox=\"yes\" data-elementor-lightbox-slideshow=\"79de40a\" data-elementor-lightbox-title=\"2021-10-16_\u010cP Hermanovce-23\" data-e-action-hash=\"#elementor-action%3Aaction%3Dlightbox%26settings%3DeyJpZCI6NDE3NCwidXJsIjoiaHR0cHM6XC9cL3RsdXN0YWNhcmEuY3pcL3dwLWNvbnRlbnRcL3VwbG9hZHNcLzIwMjJcLzA3XC8yMDIxLTEwLTE2X0NQLUhlcm1hbm92Y2UtMjMuanBnIiwic2xpZGVzaG93IjoiNzlkZTQwYSJ9\">\n\t\t\t\t\t<div class=\"e-gallery-image elementor-gallery-item__image\" data-thumbnail=\"https:\/\/tlustacara.cz\/wp-content\/uploads\/2022\/07\/2021-10-16_CP-Hermanovce-23.jpg\" data-width=\"2048\" data-height=\"1367\" aria-label=\"romsk\u00e9 osady um\u011bleck\u00e1 skupina tlust\u00e1 \u010d\u00e1ra\" role=\"img\" ><\/div>\n\t\t\t\t\t\t\t\t\t\t\t<div class=\"elementor-gallery-item__overlay\"><\/div>\n\t\t\t\t\t\t\t\t\t\t\t\t\t\t<\/a>\n\t\t\t\t\t<\/div>\n\t\t\t<\/div>\n\t\t\t\t<\/div>\n\t\t\t\t<div class=\"elementor-element elementor-element-a05dc58 elementor-widget elementor-widget-text-editor\" data-id=\"a05dc58\" data-element_type=\"widget\" data-widget_type=\"text-editor.default\">\n\t\t\t\t<div class=\"elementor-widget-container\">\n\t\t\t\t\t\t\t\t<div class=\"elementor-text-editor elementor-clearfix\">\n\t\t\t\t<p>Star\u0161\u00ed d\u011bti n\u00e1m cht\u011bj\u00ed uk\u00e1zat fotbalov\u00e9 h\u0159i\u0161t\u011b, kam chod\u00ed hr\u00e1t. Kevin, mlad\u00fd brank\u00e1\u0159 d\u011btsk\u00e9ho t\u00fdmu, po celou dobu na\u0161\u00ed n\u00e1v\u0161t\u011bvy nesund\u00e1 sv\u00e9 fotbalov\u00e9 rukavice z\u00a0rukou.<\/p><p>Pt\u00e1m se d\u011bt\u00ed, jak \u010dasto tr\u00e9nuj\u00ed a jak jim fotbal jde. D\u011bti tr\u00e9nuj\u00ed ka\u017ed\u00fd den, ale je\u0161t\u011b ani jednou nevyhr\u00e1ly. V\u00a0ten moment m\u011b napad\u00e1 jedin\u00e9, ve slu\u0161n\u011bj\u0161\u00ed form\u011b je pob\u00edz\u00edm \u201ed\u011bti, tr\u00e9nujte v\u00edce a po\u0159\u00e1dn\u011b a jednou jim v\u0161em natrhn\u011bte prdel\u201c. Nejsem fotbalov\u00fd fanou\u0161ek, ale tomuhle t\u00fdmu ohromn\u011b fand\u00edm a douf\u00e1m, \u017ee jednou to skute\u010dn\u011b vyhrajou. A to nejen fotbalov\u00fd z\u00e1pas.<\/p>\t\t\t\t\t<\/div>\n\t\t\t\t\t\t<\/div>\n\t\t\t\t<\/div>\n\t\t\t\t<div class=\"elementor-element elementor-element-394bb8d elementor-widget-mobile__width-inherit elementor-widget elementor-widget-gallery\" data-id=\"394bb8d\" data-element_type=\"widget\" data-settings=\"{&quot;columns&quot;:1,&quot;gap&quot;:{&quot;unit&quot;:&quot;px&quot;,&quot;size&quot;:25,&quot;sizes&quot;:[]},&quot;lazyload&quot;:&quot;yes&quot;,&quot;gallery_layout&quot;:&quot;grid&quot;,&quot;columns_tablet&quot;:2,&quot;columns_mobile&quot;:1,&quot;gap_tablet&quot;:{&quot;unit&quot;:&quot;px&quot;,&quot;size&quot;:10,&quot;sizes&quot;:[]},&quot;gap_mobile&quot;:{&quot;unit&quot;:&quot;px&quot;,&quot;size&quot;:10,&quot;sizes&quot;:[]},&quot;link_to&quot;:&quot;file&quot;,&quot;aspect_ratio&quot;:&quot;3:2&quot;,&quot;overlay_background&quot;:&quot;yes&quot;,&quot;content_hover_animation&quot;:&quot;fade-in&quot;}\" data-widget_type=\"gallery.default\">\n\t\t\t\t<div class=\"elementor-widget-container\">\n\t\t\t\t\t<div class=\"elementor-gallery__container\">\n\t\t\t\t\t\t\t<a class=\"e-gallery-item elementor-gallery-item elementor-animated-content\" href=\"https:\/\/tlustacara.cz\/wp-content\/uploads\/2022\/07\/2021-10-16_CP-Hermanovce-49.jpg\" data-elementor-open-lightbox=\"yes\" data-elementor-lightbox-slideshow=\"394bb8d\" data-elementor-lightbox-title=\"(c) Jana Plavec\" data-e-action-hash=\"#elementor-action%3Aaction%3Dlightbox%26settings%3DeyJpZCI6NDE3MSwidXJsIjoiaHR0cHM6XC9cL3RsdXN0YWNhcmEuY3pcL3dwLWNvbnRlbnRcL3VwbG9hZHNcLzIwMjJcLzA3XC8yMDIxLTEwLTE2X0NQLUhlcm1hbm92Y2UtNDkuanBnIiwic2xpZGVzaG93IjoiMzk0YmI4ZCJ9\">\n\t\t\t\t\t<div class=\"e-gallery-image elementor-gallery-item__image\" data-thumbnail=\"https:\/\/tlustacara.cz\/wp-content\/uploads\/2022\/07\/2021-10-16_CP-Hermanovce-49.jpg\" data-width=\"2048\" data-height=\"1367\" aria-label=\"romsk\u00e9 osady um\u011bleck\u00e1 skupina tlust\u00e1 \u010d\u00e1ra\" role=\"img\" ><\/div>\n\t\t\t\t\t\t\t\t\t\t\t<div class=\"elementor-gallery-item__overlay\"><\/div>\n\t\t\t\t\t\t\t\t\t\t\t\t\t\t<\/a>\n\t\t\t\t\t\t\t<a class=\"e-gallery-item elementor-gallery-item elementor-animated-content\" href=\"https:\/\/tlustacara.cz\/wp-content\/uploads\/2022\/07\/2021-10-16_CP-Hermanovce-125.jpg\" data-elementor-open-lightbox=\"yes\" data-elementor-lightbox-slideshow=\"394bb8d\" data-elementor-lightbox-title=\"(c) Jana Plavec\" data-e-action-hash=\"#elementor-action%3Aaction%3Dlightbox%26settings%3DeyJpZCI6NDE4MywidXJsIjoiaHR0cHM6XC9cL3RsdXN0YWNhcmEuY3pcL3dwLWNvbnRlbnRcL3VwbG9hZHNcLzIwMjJcLzA3XC8yMDIxLTEwLTE2X0NQLUhlcm1hbm92Y2UtMTI1LmpwZyIsInNsaWRlc2hvdyI6IjM5NGJiOGQifQ%3D%3D\">\n\t\t\t\t\t<div class=\"e-gallery-image elementor-gallery-item__image\" data-thumbnail=\"https:\/\/tlustacara.cz\/wp-content\/uploads\/2022\/07\/2021-10-16_CP-Hermanovce-125.jpg\" data-width=\"2048\" data-height=\"1367\" aria-label=\"romsk\u00e9 osady um\u011bleck\u00e1 skupina tlust\u00e1 \u010d\u00e1ra\" role=\"img\" ><\/div>\n\t\t\t\t\t\t\t\t\t\t\t<div class=\"elementor-gallery-item__overlay\"><\/div>\n\t\t\t\t\t\t\t\t\t\t\t\t\t\t<\/a>\n\t\t\t\t\t\t\t<a class=\"e-gallery-item elementor-gallery-item elementor-animated-content\" href=\"https:\/\/tlustacara.cz\/wp-content\/uploads\/2022\/07\/2021-10-16_CP-Hermanovce-143.jpg\" data-elementor-open-lightbox=\"yes\" data-elementor-lightbox-slideshow=\"394bb8d\" data-elementor-lightbox-title=\"(c) Jana Plavec\" data-e-action-hash=\"#elementor-action%3Aaction%3Dlightbox%26settings%3DeyJpZCI6NDE4NCwidXJsIjoiaHR0cHM6XC9cL3RsdXN0YWNhcmEuY3pcL3dwLWNvbnRlbnRcL3VwbG9hZHNcLzIwMjJcLzA3XC8yMDIxLTEwLTE2X0NQLUhlcm1hbm92Y2UtMTQzLmpwZyIsInNsaWRlc2hvdyI6IjM5NGJiOGQifQ%3D%3D\">\n\t\t\t\t\t<div class=\"e-gallery-image elementor-gallery-item__image\" data-thumbnail=\"https:\/\/tlustacara.cz\/wp-content\/uploads\/2022\/07\/2021-10-16_CP-Hermanovce-143.jpg\" data-width=\"2048\" data-height=\"1367\" aria-label=\"romsk\u00e9 osady um\u011bleck\u00e1 skupina tlust\u00e1 \u010d\u00e1ra\" role=\"img\" ><\/div>\n\t\t\t\t\t\t\t\t\t\t\t<div class=\"elementor-gallery-item__overlay\"><\/div>\n\t\t\t\t\t\t\t\t\t\t\t\t\t\t<\/a>\n\t\t\t\t\t<\/div>\n\t\t\t<\/div>\n\t\t\t\t<\/div>\n\t\t\t\t<div class=\"elementor-element elementor-element-b3622c1 elementor-widget elementor-widget-text-editor\" data-id=\"b3622c1\" data-element_type=\"widget\" data-widget_type=\"text-editor.default\">\n\t\t\t\t<div class=\"elementor-widget-container\">\n\t\t\t\t\t\t\t\t<div class=\"elementor-text-editor elementor-clearfix\">\n\t\t\t\t<p>D\u011bti jsou komunikativn\u00ed a velmi slu\u0161n\u00e9. Zaj\u00edm\u00e1 m\u011b \u0161koln\u00ed doch\u00e1zka, a jestli a co je ve \u0161kole bav\u00ed. Odpov\u011b\u010f je jednozna\u010dn\u00e1! Bav\u00ed. D\u011bti se mi sv\u011b\u0159uj\u00ed, \u017ee v\u00a0oble\u010den\u00ed, kter\u00e9 maj\u00ed te\u010f na sob\u011b, sp\u00ed, chod\u00ed ven a chod\u00ed i do \u0161koly. A ob\u010das se stane, \u017ee je do \u0161koly kv\u016fli u\u0161pin\u011bn\u00ed nepust\u00ed. Tyhle informace se poslouchaj\u00ed t\u011b\u017ece a za\u010d\u00edn\u00e1 ve mn\u011b hlodat v\u011bt\u0161\u00ed d\u00e1vka nasranosti.<\/p><p>B\u011bhem sv\u00e9ho studia p\u0159ed cestou jsem \u010derpala z dostupn\u00fdch informac\u00ed. Z\u00a0\u010dl\u00e1nk\u016f jsem se dozv\u011bd\u011bla, \u017ee tento probl\u00e9m existuje a m\u00e1 vliv na doch\u00e1zku d\u011bt\u00ed. Pokud nejsou d\u011bti \u010dist\u00e9, nemus\u00ed b\u00fdt vpu\u0161t\u011bny do \u0161koly. Sly\u0161et tyto informace od d\u011bt\u00ed v\u0161ak probl\u00e9m zabarvuje do rud\u00e9 barvy.<\/p>\t\t\t\t\t<\/div>\n\t\t\t\t\t\t<\/div>\n\t\t\t\t<\/div>\n\t\t\t\t<div class=\"elementor-element elementor-element-f0091fd elementor-widget-mobile__width-inherit elementor-widget elementor-widget-gallery\" data-id=\"f0091fd\" data-element_type=\"widget\" data-settings=\"{&quot;columns&quot;:2,&quot;gap&quot;:{&quot;unit&quot;:&quot;px&quot;,&quot;size&quot;:25,&quot;sizes&quot;:[]},&quot;aspect_ratio&quot;:&quot;9:16&quot;,&quot;lazyload&quot;:&quot;yes&quot;,&quot;gallery_layout&quot;:&quot;grid&quot;,&quot;columns_tablet&quot;:2,&quot;columns_mobile&quot;:1,&quot;gap_tablet&quot;:{&quot;unit&quot;:&quot;px&quot;,&quot;size&quot;:10,&quot;sizes&quot;:[]},&quot;gap_mobile&quot;:{&quot;unit&quot;:&quot;px&quot;,&quot;size&quot;:10,&quot;sizes&quot;:[]},&quot;link_to&quot;:&quot;file&quot;,&quot;overlay_background&quot;:&quot;yes&quot;,&quot;content_hover_animation&quot;:&quot;fade-in&quot;}\" data-widget_type=\"gallery.default\">\n\t\t\t\t<div class=\"elementor-widget-container\">\n\t\t\t\t\t<div class=\"elementor-gallery__container\">\n\t\t\t\t\t\t\t<a class=\"e-gallery-item elementor-gallery-item elementor-animated-content\" href=\"https:\/\/tlustacara.cz\/wp-content\/uploads\/2022\/07\/2021-10-16_CP-Hermanovce-64.jpg\" data-elementor-open-lightbox=\"yes\" data-elementor-lightbox-slideshow=\"f0091fd\" data-elementor-lightbox-title=\"(c) Jana Plavec\" data-e-action-hash=\"#elementor-action%3Aaction%3Dlightbox%26settings%3DeyJpZCI6NDE3OCwidXJsIjoiaHR0cHM6XC9cL3RsdXN0YWNhcmEuY3pcL3dwLWNvbnRlbnRcL3VwbG9hZHNcLzIwMjJcLzA3XC8yMDIxLTEwLTE2X0NQLUhlcm1hbm92Y2UtNjQuanBnIiwic2xpZGVzaG93IjoiZjAwOTFmZCJ9\">\n\t\t\t\t\t<div class=\"e-gallery-image elementor-gallery-item__image\" data-thumbnail=\"https:\/\/tlustacara.cz\/wp-content\/uploads\/2022\/07\/2021-10-16_CP-Hermanovce-64.jpg\" data-width=\"1367\" data-height=\"2048\" aria-label=\"romsk\u00e9 osady um\u011bleck\u00e1 skupina tlust\u00e1 \u010d\u00e1ra\" role=\"img\" ><\/div>\n\t\t\t\t\t\t\t\t\t\t\t<div class=\"elementor-gallery-item__overlay\"><\/div>\n\t\t\t\t\t\t\t\t\t\t\t\t\t\t<\/a>\n\t\t\t\t\t\t\t<a class=\"e-gallery-item elementor-gallery-item elementor-animated-content\" href=\"https:\/\/tlustacara.cz\/wp-content\/uploads\/2022\/07\/2021-10-16_CP-Hermanovce-65.jpg\" data-elementor-open-lightbox=\"yes\" data-elementor-lightbox-slideshow=\"f0091fd\" data-elementor-lightbox-title=\"(c) Jana Plavec\" data-e-action-hash=\"#elementor-action%3Aaction%3Dlightbox%26settings%3DeyJpZCI6NDE3OSwidXJsIjoiaHR0cHM6XC9cL3RsdXN0YWNhcmEuY3pcL3dwLWNvbnRlbnRcL3VwbG9hZHNcLzIwMjJcLzA3XC8yMDIxLTEwLTE2X0NQLUhlcm1hbm92Y2UtNjUuanBnIiwic2xpZGVzaG93IjoiZjAwOTFmZCJ9\">\n\t\t\t\t\t<div class=\"e-gallery-image elementor-gallery-item__image\" data-thumbnail=\"https:\/\/tlustacara.cz\/wp-content\/uploads\/2022\/07\/2021-10-16_CP-Hermanovce-65.jpg\" data-width=\"1367\" data-height=\"2048\" aria-label=\"romsk\u00e9 osady um\u011bleck\u00e1 skupina tlust\u00e1 \u010d\u00e1ra\" role=\"img\" ><\/div>\n\t\t\t\t\t\t\t\t\t\t\t<div class=\"elementor-gallery-item__overlay\"><\/div>\n\t\t\t\t\t\t\t\t\t\t\t\t\t\t<\/a>\n\t\t\t\t\t<\/div>\n\t\t\t<\/div>\n\t\t\t\t<\/div>\n\t\t\t\t<div class=\"elementor-element elementor-element-310352f elementor-widget elementor-widget-heading\" data-id=\"310352f\" data-element_type=\"widget\" data-widget_type=\"heading.default\">\n\t\t\t\t<div class=\"elementor-widget-container\">\n\t\t\t<h3 class=\"elementor-heading-title elementor-size-default\">Jako doma<\/h3>\t\t<\/div>\n\t\t\t\t<\/div>\n\t\t\t\t<div class=\"elementor-element elementor-element-4bfb984 elementor-widget elementor-widget-text-editor\" data-id=\"4bfb984\" data-element_type=\"widget\" data-widget_type=\"text-editor.default\">\n\t\t\t\t<div class=\"elementor-widget-container\">\n\t\t\t\t\t\t\t\t<div class=\"elementor-text-editor elementor-clearfix\">\n\t\t\t\t<p>V osad\u00e1ch jsem nav\u0161t\u00edvila celkem t\u0159i dom\u00e1cnosti. Vz\u00e1jemn\u011b se neli\u0161\u00ed. A\u0165 je obydl\u00ed v jak\u00e9mkoli stavu, nen\u00ed p\u0159ekvapen\u00edm, \u017ee v \u017e\u00e1dn\u00e9m p\u0159\u00edbytku nechyb\u00ed obraz s k\u0159es\u0165anskou t\u00e9matikou.<\/p><p>Jsou to velmi skromn\u00e9 m\u00edstnosti, ve kter\u00fdch se odehr\u00e1v\u00e1 v\u0161e a pob\u00fdvaj\u00ed v nich n\u011bkolika\u010dlenn\u00e9 rodiny v\u010detn\u011b novorozenc\u016f. V t\u011bchto p\u0159\u00edbytc\u00edch se va\u0159\u00ed, sp\u00ed i tr\u00e1v\u00ed voln\u00fd \u010das. Velikost dom\u00e1cnosti je jeden men\u0161\u00ed pokoj. Nenaleznete v n\u011bm toaletu ani sprchu. Toaletu ani sprchu nenaleznete nikde.<\/p><p>Domy maj\u00ed trhliny, d\u00edry, p\u0159edstava \u017eivota v de\u0161tiv\u00e9m dnu nebo v zimn\u00edm obdob\u00ed je pro m\u011b nep\u0159edstaviteln\u00e1. P\u0159i pohledu na p\u0159\u00edtomn\u00e9 mal\u00e9 d\u011bti a novorozence to mus\u00ed b\u00fdt a\u017e \u017eivot ohro\u017euj\u00edc\u00ed.<\/p><p>Udr\u017eov\u00e1n\u00ed po\u0159\u00e1dku a z\u00e1kladn\u00ed hygieny zd\u00e1 se b\u00fdti nemo\u017en\u00e9. Absence z\u00e1kladn\u00ed infrastruktury, ke kter\u00e9 pat\u0159\u00ed i p\u0159\u00edstup k\u00a0vod\u011b, toto v\u0161e podporuje. Osadou prot\u00e9k\u00e1 mal\u00e1 t\u016f\u0148ka, s\u00a0ohledem na chyb\u011bj\u00edc\u00ed<br \/>kanalizaci se v\u0161ak domn\u00edv\u00e1m, \u017ee varianta vyu\u017eit\u00ed p\u0159\u00edrodn\u00edch zdroj\u016f touto formou bude tak\u00e9 ne\u0161\u0165astn\u00e1.<\/p><p>Jedin\u00e9, co v\u00e1s p\u0159i takov\u00e9m pohledu napad\u00e1, je v\u011bta \u201eJak je tohle sakra mo\u017en\u00e9?\u201c<\/p><p>Nesm\u00edm zapomenout na mil\u00e9 ob\u010derstven\u00ed v\u010detn\u011b k\u00e1vy, kter\u00e9 n\u00e1m obyvatel\u00e9 osady p\u0159ipravili! Na stole je tzv. goja, co\u017e je tradi\u010dn\u00ed romsk\u00fd pokrm. Jedn\u00e1 se o st\u0159\u00edvka, kter\u00e1 napln\u00edte bramborov\u00fdm<br \/>t\u011bstem, cibul\u00ed, \u010desnekem, bylinkami nebo ko\u0159en\u00edm. Tvarem tento pokrm p\u0159ipom\u00edn\u00e1 klob\u00e1su.<\/p><p>V\u011bt\u0161ina dosp\u011bl\u00fdch obyvatel se v osad\u011b narodila a v osad\u011b z\u016fst\u00e1v\u00e1. Pozn\u00e1v\u00e1me v\u0161ak i \u017eenu, kter\u00e1 se do osady p\u0159ivdala. Nebo mu\u017ee, kter\u00fd doj\u00ed\u017ed\u00ed za prac\u00ed do Ostravy.<\/p><p>Osada se jev\u00ed jako osada d\u011bt\u00ed. Vid\u00edme v\u0161ude hlavn\u011b d\u011bti. A vid\u00edme i to, \u017ee d\u011bti maj\u00ed d\u011bti.<\/p>\t\t\t\t\t<\/div>\n\t\t\t\t\t\t<\/div>\n\t\t\t\t<\/div>\n\t\t\t\t<div class=\"elementor-element elementor-element-0b6fd77 elementor-widget-mobile__width-inherit elementor-widget elementor-widget-gallery\" data-id=\"0b6fd77\" data-element_type=\"widget\" data-settings=\"{&quot;columns&quot;:1,&quot;gap&quot;:{&quot;unit&quot;:&quot;px&quot;,&quot;size&quot;:25,&quot;sizes&quot;:[]},&quot;lazyload&quot;:&quot;yes&quot;,&quot;gallery_layout&quot;:&quot;grid&quot;,&quot;columns_tablet&quot;:2,&quot;columns_mobile&quot;:1,&quot;gap_tablet&quot;:{&quot;unit&quot;:&quot;px&quot;,&quot;size&quot;:10,&quot;sizes&quot;:[]},&quot;gap_mobile&quot;:{&quot;unit&quot;:&quot;px&quot;,&quot;size&quot;:10,&quot;sizes&quot;:[]},&quot;link_to&quot;:&quot;file&quot;,&quot;aspect_ratio&quot;:&quot;3:2&quot;,&quot;overlay_background&quot;:&quot;yes&quot;,&quot;content_hover_animation&quot;:&quot;fade-in&quot;}\" data-widget_type=\"gallery.default\">\n\t\t\t\t<div class=\"elementor-widget-container\">\n\t\t\t\t\t<div class=\"elementor-gallery__container\">\n\t\t\t\t\t\t\t<a class=\"e-gallery-item elementor-gallery-item elementor-animated-content\" href=\"https:\/\/tlustacara.cz\/wp-content\/uploads\/2022\/07\/2021-10-16_CP-Hermanovce-30.jpg\" data-elementor-open-lightbox=\"yes\" data-elementor-lightbox-slideshow=\"0b6fd77\" data-elementor-lightbox-title=\"(c) Jana Plavec\" data-e-action-hash=\"#elementor-action%3Aaction%3Dlightbox%26settings%3DeyJpZCI6NDE3NSwidXJsIjoiaHR0cHM6XC9cL3RsdXN0YWNhcmEuY3pcL3dwLWNvbnRlbnRcL3VwbG9hZHNcLzIwMjJcLzA3XC8yMDIxLTEwLTE2X0NQLUhlcm1hbm92Y2UtMzAuanBnIiwic2xpZGVzaG93IjoiMGI2ZmQ3NyJ9\">\n\t\t\t\t\t<div class=\"e-gallery-image elementor-gallery-item__image\" data-thumbnail=\"https:\/\/tlustacara.cz\/wp-content\/uploads\/2022\/07\/2021-10-16_CP-Hermanovce-30.jpg\" data-width=\"2048\" data-height=\"1367\" aria-label=\"romsk\u00e9 osady um\u011bleck\u00e1 skupina tlust\u00e1 \u010d\u00e1ra\" role=\"img\" ><\/div>\n\t\t\t\t\t\t\t\t\t\t\t<div class=\"elementor-gallery-item__overlay\"><\/div>\n\t\t\t\t\t\t\t\t\t\t\t\t\t\t<\/a>\n\t\t\t\t\t<\/div>\n\t\t\t<\/div>\n\t\t\t\t<\/div>\n\t\t\t\t<div class=\"elementor-element elementor-element-7154d78 elementor-widget-mobile__width-inherit elementor-widget elementor-widget-gallery\" data-id=\"7154d78\" data-element_type=\"widget\" data-settings=\"{&quot;columns&quot;:1,&quot;gap&quot;:{&quot;unit&quot;:&quot;px&quot;,&quot;size&quot;:25,&quot;sizes&quot;:[]},&quot;aspect_ratio&quot;:&quot;9:16&quot;,&quot;lazyload&quot;:&quot;yes&quot;,&quot;gallery_layout&quot;:&quot;grid&quot;,&quot;columns_tablet&quot;:2,&quot;columns_mobile&quot;:1,&quot;gap_tablet&quot;:{&quot;unit&quot;:&quot;px&quot;,&quot;size&quot;:10,&quot;sizes&quot;:[]},&quot;gap_mobile&quot;:{&quot;unit&quot;:&quot;px&quot;,&quot;size&quot;:10,&quot;sizes&quot;:[]},&quot;link_to&quot;:&quot;file&quot;,&quot;overlay_background&quot;:&quot;yes&quot;,&quot;content_hover_animation&quot;:&quot;fade-in&quot;}\" data-widget_type=\"gallery.default\">\n\t\t\t\t<div class=\"elementor-widget-container\">\n\t\t\t\t\t<div class=\"elementor-gallery__container\">\n\t\t\t\t\t\t\t<a class=\"e-gallery-item elementor-gallery-item elementor-animated-content\" href=\"https:\/\/tlustacara.cz\/wp-content\/uploads\/2022\/07\/2021-10-16_CP-Hermanovce-33.jpg\" data-elementor-open-lightbox=\"yes\" data-elementor-lightbox-slideshow=\"7154d78\" data-elementor-lightbox-title=\"(c) Jana Plavec\" data-e-action-hash=\"#elementor-action%3Aaction%3Dlightbox%26settings%3DeyJpZCI6NDE3MiwidXJsIjoiaHR0cHM6XC9cL3RsdXN0YWNhcmEuY3pcL3dwLWNvbnRlbnRcL3VwbG9hZHNcLzIwMjJcLzA3XC8yMDIxLTEwLTE2X0NQLUhlcm1hbm92Y2UtMzMuanBnIiwic2xpZGVzaG93IjoiNzE1NGQ3OCJ9\">\n\t\t\t\t\t<div class=\"e-gallery-image elementor-gallery-item__image\" data-thumbnail=\"https:\/\/tlustacara.cz\/wp-content\/uploads\/2022\/07\/2021-10-16_CP-Hermanovce-33.jpg\" data-width=\"1367\" data-height=\"2048\" aria-label=\"romsk\u00e9 osady um\u011bleck\u00e1 skupina tlust\u00e1 \u010d\u00e1ra\" role=\"img\" ><\/div>\n\t\t\t\t\t\t\t\t\t\t\t<div class=\"elementor-gallery-item__overlay\"><\/div>\n\t\t\t\t\t\t\t\t\t\t\t\t\t\t<\/a>\n\t\t\t\t\t<\/div>\n\t\t\t<\/div>\n\t\t\t\t<\/div>\n\t\t\t\t<div class=\"elementor-element elementor-element-6ee813b elementor-widget elementor-widget-heading\" data-id=\"6ee813b\" data-element_type=\"widget\" data-widget_type=\"heading.default\">\n\t\t\t\t<div class=\"elementor-widget-container\">\n\t\t\t<h3 class=\"elementor-heading-title elementor-size-default\">Co d\u00e1l? <\/h3>\t\t<\/div>\n\t\t\t\t<\/div>\n\t\t\t\t<div class=\"elementor-element elementor-element-670ccb4 elementor-widget elementor-widget-text-editor\" data-id=\"670ccb4\" data-element_type=\"widget\" data-widget_type=\"text-editor.default\">\n\t\t\t\t<div class=\"elementor-widget-container\">\n\t\t\t\t\t\t\t\t<div class=\"elementor-text-editor elementor-clearfix\">\n\t\t\t\t<p>O sv\u00e9 cest\u011b do osad jsem si p\u0159ed i po absolvov\u00e1n\u00ed vyslechla nespo\u010det n\u00e1zor\u016f. N\u00e1vod\u016f na ide\u00e1ln\u00ed \u0159e\u0161en\u00ed v\u00fd\u0161e zmi\u0148ovan\u00e9 problematiky je mnoho. N\u011bkdo je zast\u00e1ncem toho, \u017ee se jedn\u00e1 o syst\u00e9movou chybu a neschopnost integrace romsk\u00e9 skupiny do v\u011bt\u0161inov\u00e9 spole\u010dnosti. Jin\u00ed jsou p\u0159esv\u011bd\u010deni o neschopnosti p\u0159izp\u016fsoben\u00ed ze strany Rom\u016f a situaci vn\u00edmaj\u00ed jako jejich vlastn\u00ed odpov\u011bdnost a dobrovoln\u00e9 rozhodnut\u00ed \u017e\u00edt t\u00edmto zp\u016fsobem. Diskriminaci odm\u00edtaj\u00ed. \u00a0<\/p><p>Slovensko do roku 2020 \u010derpalo z\u00a0Evropsk\u00e9 unie osm miliard korun na romsk\u00e9 programy. Kde a jak tyto pen\u00edze skon\u010dily a jak\u00e9 jsou v\u00fdsledky program\u016f? Tak tyhle informace nedohled\u00e1te. Situace v\u00a0romsk\u00fdch osad\u00e1ch se nem\u011bn\u00ed, pen\u00edze v\u0161ak \u010derp\u00e1ny jsou.<\/p><p>Kde kon\u010d\u00ed? Nech\u0165 zn\u00ed tato \u0159e\u010dnick\u00e1 ot\u00e1zka.<\/p><p>Slovensk\u00e1 policie vy\u0161et\u0159ovala n\u011bkolik p\u0159\u00edpad\u016f zvl\u00e1\u0161tn\u00edch t\u0159\u00eddenn\u00edch \u0161kolic\u00edch program\u016f, jako nap\u0159\u00edklad \u0161kolen\u00ed, kde se nau\u010d\u00edte sekat tr\u00e1vu nebo pe\u010dovat o hospod\u00e1\u0159sk\u00e1 zv\u00ed\u0159ata. Za tyto programy byly \u00fa\u010dtov\u00e1ny pen\u00edze v\u00a0\u0159\u00e1du milion\u016f.<\/p><p>\u201eI hasi\u010dsk\u00e9 zbrojnice jsou v n\u011bkter\u00fdch obc\u00edch vykazovan\u00e9 jako romsk\u00fd projekt. Sta\u010dilo starostovi zakrou\u017ekovat, \u017ee m\u00e1 Romy v obci, a automaticky se ty pen\u00edze vykazovaly jako romsk\u00e9,\u201c vysv\u011btluje postupy zneu\u017e\u00edv\u00e1n\u00ed fond\u016f Peter Poll\u00e1k, zplnomocn\u011bnec slovensk\u00e9 vl\u00e1dy pro romsk\u00e9 komunity.<\/p><p>V\u00a0Evropsk\u00e9 unii \u017eije zhruba 500 milion\u016f obyvatel, z\u00a0toho 10 a\u017e 12 milion\u016f Rom\u016f. Evropsk\u00e1 unie pokl\u00e1d\u00e1 za ekonomickou, soci\u00e1ln\u00ed a zejm\u00e9na i mor\u00e1ln\u00ed nutnost Romy za\u010dlenit. Nejv\u011bt\u0161\u00ed popula\u010dn\u00ed pod\u00edl je v\u00a0Bulharsku a na Slovensku, kde tvo\u0159\u00ed Romov\u00e9 skoro 10\u00a0% populace.<\/p><p>T\u00e9ma si zaslou\u017e\u00ed \u0159\u00e1dnou d\u00e1vku pozornosti, a to zejm\u00e9na kv\u016fli v\u0161udyp\u0159\u00edtomn\u00fdm d\u011btem, kter\u00e9 tvo\u0159\u00ed hlavn\u00ed skupinu obyvatel romsk\u00fdch osad na Slovensku. Na Slovensku je takov\u00fdch osad 800!<\/p><p>Pokud byste m\u011bli zaj\u00edmav\u00e9 informace, re\u00e1lnou zku\u0161enost nebo doporu\u010den\u00ed, napi\u0161te n\u00e1m na <a href=\"mailto:info@tlustacara.cz\">info@tlustacara.cz<\/a>!<\/p>\t\t\t\t\t<\/div>\n\t\t\t\t\t\t<\/div>\n\t\t\t\t<\/div>\n\t\t\t\t\t\t<\/div>\n\t\t\t\t\t<\/div>\n\t\t<\/div>\n\t\t\t\t\t\t\t\t<\/div>\n\t\t\t\t\t<\/div>\n\t\t<\/section>\n\t\t\t\t\t\t\t\t\t<\/div>\n\t\t\t<\/div>\n\t\t\t\t\t<\/div>","protected":false},"excerpt":{"rendered":"<p>Um\u011bleck\u00e1  skupina Tlust\u00e1 \u010c\u00e1ra se s organizac\u00ed \u010ce\u0161i pom\u00e1haj\u00ed se spole\u010dn\u011b vydali do romsk\u00e9 osady Hermanovce na Jihov\u00fdchodn\u00edm Slovensku. Informace z cesty najdete v na\u0161em \u010dl\u00e1nku v\u010detn\u011b foto reportu od Jany Plavec. <\/p>","protected":false},"author":1,"featured_media":4171,"comment_status":"closed","ping_status":"closed","sticky":false,"template":"","format":"standard","meta":{"site-sidebar-layout":"default","site-content-layout":"","ast-site-content-layout":"","site-content-style":"default","site-sidebar-style":"default","ast-global-header-display":"","ast-banner-title-visibility":"","ast-main-header-display":"","ast-hfb-above-header-display":"","ast-hfb-below-header-display":"","ast-hfb-mobile-header-display":"","site-post-title":"","ast-breadcrumbs-content":"","ast-featured-img":"","footer-sml-layout":"","theme-transparent-header-meta":"","adv-header-id-meta":"","stick-header-meta":"","header-above-stick-meta":"","header-main-stick-meta":"","header-below-stick-meta":"","astra-migrate-meta-layouts":"","ast-page-background-enabled":"default","ast-page-background-meta":{"desktop":{"background-color":"","background-image":"","background-repeat":"repeat","background-position":"center center","background-size":"auto","background-attachment":"scroll","background-type":"","background-media":"","overlay-type":"","overlay-color":"","overlay-gradient":""},"tablet":{"background-color":"","background-image":"","background-repeat":"repeat","background-position":"center center","background-size":"auto","background-attachment":"scroll","background-type":"","background-media":"","overlay-type":"","overlay-color":"","overlay-gradient":""},"mobile":{"background-color":"","background-image":"","background-repeat":"repeat","background-position":"center center","background-size":"auto","background-attachment":"scroll","background-type":"","background-media":"","overlay-type":"","overlay-color":"","overlay-gradient":""}},"ast-content-background-meta":{"desktop":{"background-color":"var(--ast-global-color-5)","background-image":"","background-repeat":"repeat","background-position":"center center","background-size":"auto","background-attachment":"scroll","background-type":"","background-media":"","overlay-type":"","overlay-color":"","overlay-gradient":""},"tablet":{"background-color":"var(--ast-global-color-5)","background-image":"","background-repeat":"repeat","background-position":"center center","background-size":"auto","background-attachment":"scroll","background-type":"","background-media":"","overlay-type":"","overlay-color":"","overlay-gradient":""},"mobile":{"background-color":"var(--ast-global-color-5)","background-image":"","background-repeat":"repeat","background-position":"center center","background-size":"auto","background-attachment":"scroll","background-type":"","background-media":"","overlay-type":"","overlay-color":"","overlay-gradient":""}},"footnotes":""},"categories":[3],"tags":[],"yoast_head":"<!-- This site is optimized with the Yoast SEO plugin v21.4 - https:\/\/yoast.com\/wordpress\/plugins\/seo\/ -->\n<title>Osada - Tlust\u00e1 \u010d\u00e1ra<\/title>\n<meta name=\"description\" content=\"Um\u011bleck\u00e1 skupina Tlust\u00e1 \u010c\u00e1ra se s organizac\u00ed \u010ce\u0161i pom\u00e1haj\u00ed se spole\u010dn\u011b vydali do romsk\u00e9 osady Hermanovce na Jihov\u00fdchodn\u00edm Slovensku. Informace z cesty najdete v na\u0161em \u010dl\u00e1nku v\u010detn\u011b foto reportu od Jany Plavec.\" \/>\n<meta name=\"robots\" content=\"index, follow, max-snippet:-1, max-image-preview:large, max-video-preview:-1\" \/>\n<link rel=\"canonical\" href=\"https:\/\/tlustacara.cz\/en\/clanky\/osada\/\" \/>\n<meta property=\"og:locale\" content=\"en_US\" \/>\n<meta property=\"og:type\" content=\"article\" \/>\n<meta property=\"og:title\" content=\"Osada - Tlust\u00e1 \u010c\u00e1ra\" \/>\n<meta property=\"og:description\" content=\"Um\u011bleck\u00e1 skupina Tlust\u00e1 \u010c\u00e1ra se s organizac\u00ed \u010ce\u0161i pom\u00e1haj\u00ed se spole\u010dn\u011b vydali do romsk\u00e9 osady Hermanovce na Jihov\u00fdchodn\u00edm Slovensku. Informace z cesty najdete v na\u0161em \u010dl\u00e1nku v\u010detn\u011b foto reportu od Jany Plavec.\" \/>\n<meta property=\"og:url\" content=\"https:\/\/tlustacara.cz\/en\/clanky\/osada\/\" \/>\n<meta property=\"og:site_name\" content=\"Tlust\u00e1 \u010d\u00e1ra\" \/>\n<meta property=\"article:publisher\" content=\"https:\/\/facebook.com\/tlustacara\" \/>\n<meta property=\"article:published_time\" content=\"2022-07-10T18:51:50+00:00\" \/>\n<meta property=\"article:modified_time\" content=\"2022-11-09T18:24:30+00:00\" \/>\n<meta property=\"og:image\" content=\"https:\/\/tlustacara.cz\/wp-content\/uploads\/2022\/07\/2021-10-16_CP-Hermanovce-49-1024x684.jpg\" \/>\n\t<meta property=\"og:image:width\" content=\"1024\" \/>\n\t<meta property=\"og:image:height\" content=\"684\" \/>\n\t<meta property=\"og:image:type\" content=\"image\/jpeg\" \/>\n<meta name=\"author\" content=\"admin\" \/>\n<meta name=\"twitter:card\" content=\"summary_large_image\" \/>\n<meta name=\"twitter:title\" content=\"Osada - Tlust\u00e1 \u010c\u00e1ra\" \/>\n<meta name=\"twitter:description\" content=\"Um\u011bleck\u00e1 skupina Tlust\u00e1 \u010c\u00e1ra se s organizac\u00ed \u010ce\u0161i pom\u00e1haj\u00ed se spole\u010dn\u011b vydali do romsk\u00e9 osady Hermanovce na Jihov\u00fdchodn\u00edm Slovensku. Informace z cesty najdete v na\u0161em \u010dl\u00e1nku v\u010detn\u011b foto reportu od Jany Plavec.\" \/>\n<meta name=\"twitter:image\" content=\"https:\/\/tlustacara.cz\/wp-content\/uploads\/2022\/07\/2021-10-16_CP-Hermanovce-49.jpg\" \/>\n<meta name=\"twitter:label1\" content=\"Written by\" \/>\n\t<meta name=\"twitter:data1\" content=\"admin\" \/>\n<script type=\"application\/ld+json\" class=\"yoast-schema-graph\">{\"@context\":\"https:\/\/schema.org\",\"@graph\":[{\"@type\":\"Article\",\"@id\":\"https:\/\/tlustacara.cz\/clanky\/osada\/#article\",\"isPartOf\":{\"@id\":\"https:\/\/tlustacara.cz\/clanky\/osada\/\"},\"author\":{\"name\":\"admin\",\"@id\":\"https:\/\/tlustacara.cz\/en\/#\/schema\/person\/660df12ad5f43e3271685cff6331d62b\"},\"headline\":\"Osada\",\"datePublished\":\"2022-07-10T18:51:50+00:00\",\"dateModified\":\"2022-11-09T18:24:30+00:00\",\"mainEntityOfPage\":{\"@id\":\"https:\/\/tlustacara.cz\/clanky\/osada\/\"},\"wordCount\":2168,\"publisher\":{\"@id\":\"https:\/\/tlustacara.cz\/en\/#organization\"},\"articleSection\":[\"\u010cl\u00e1nky\"],\"inLanguage\":\"en-US\"},{\"@type\":\"WebPage\",\"@id\":\"https:\/\/tlustacara.cz\/clanky\/osada\/\",\"url\":\"https:\/\/tlustacara.cz\/clanky\/osada\/\",\"name\":\"Osada - Tlust\u00e1 \u010d\u00e1ra\",\"isPartOf\":{\"@id\":\"https:\/\/tlustacara.cz\/en\/#website\"},\"datePublished\":\"2022-07-10T18:51:50+00:00\",\"dateModified\":\"2022-11-09T18:24:30+00:00\",\"description\":\"Um\u011bleck\u00e1 skupina Tlust\u00e1 \u010c\u00e1ra se s organizac\u00ed \u010ce\u0161i pom\u00e1haj\u00ed se spole\u010dn\u011b vydali do romsk\u00e9 osady Hermanovce na Jihov\u00fdchodn\u00edm Slovensku. Informace z cesty najdete v na\u0161em \u010dl\u00e1nku v\u010detn\u011b foto reportu od Jany Plavec.\",\"breadcrumb\":{\"@id\":\"https:\/\/tlustacara.cz\/clanky\/osada\/#breadcrumb\"},\"inLanguage\":\"en-US\",\"potentialAction\":[{\"@type\":\"ReadAction\",\"target\":[\"https:\/\/tlustacara.cz\/clanky\/osada\/\"]}]},{\"@type\":\"BreadcrumbList\",\"@id\":\"https:\/\/tlustacara.cz\/clanky\/osada\/#breadcrumb\",\"itemListElement\":[{\"@type\":\"ListItem\",\"position\":1,\"name\":\"Dom\u016f\",\"item\":\"https:\/\/tlustacara.cz\/\"},{\"@type\":\"ListItem\",\"position\":2,\"name\":\"Osada\"}]},{\"@type\":\"WebSite\",\"@id\":\"https:\/\/tlustacara.cz\/en\/#website\",\"url\":\"https:\/\/tlustacara.cz\/en\/\",\"name\":\"Tlust\u00e1 \u010d\u00e1ra\",\"description\":\"Um\u011bleck\u00e1 skupina tlust\u00e1 \u010d\u00e1ra\",\"publisher\":{\"@id\":\"https:\/\/tlustacara.cz\/en\/#organization\"},\"potentialAction\":[{\"@type\":\"SearchAction\",\"target\":{\"@type\":\"EntryPoint\",\"urlTemplate\":\"https:\/\/tlustacara.cz\/en\/?s={search_term_string}\"},\"query-input\":\"required name=search_term_string\"}],\"inLanguage\":\"en-US\"},{\"@type\":\"Organization\",\"@id\":\"https:\/\/tlustacara.cz\/en\/#organization\",\"name\":\"Tlust\u00e1 \u010d\u00e1ra\",\"url\":\"https:\/\/tlustacara.cz\/en\/\",\"logo\":{\"@type\":\"ImageObject\",\"inLanguage\":\"en-US\",\"@id\":\"https:\/\/tlustacara.cz\/en\/#\/schema\/logo\/image\/\",\"url\":\"https:\/\/tlustacara.cz\/wp-content\/uploads\/2020\/09\/totot-removebg-preview.png\",\"contentUrl\":\"https:\/\/tlustacara.cz\/wp-content\/uploads\/2020\/09\/totot-removebg-preview.png\",\"width\":500,\"height\":500,\"caption\":\"Tlust\u00e1 \u010d\u00e1ra\"},\"image\":{\"@id\":\"https:\/\/tlustacara.cz\/en\/#\/schema\/logo\/image\/\"},\"sameAs\":[\"https:\/\/facebook.com\/tlustacara\",\"https:\/\/instagram.com\/tlustacara\",\"https:\/\/www.youtube.com\/channel\/UCxQ41kVDbj5r6ElmXDey39w\"]},{\"@type\":\"Person\",\"@id\":\"https:\/\/tlustacara.cz\/en\/#\/schema\/person\/660df12ad5f43e3271685cff6331d62b\",\"name\":\"admin\"}]}<\/script>\n<!-- \/ Yoast SEO plugin. -->","yoast_head_json":{"title":"Osada - Tlust\u00e1 \u010d\u00e1ra","description":"Um\u011bleck\u00e1 skupina Tlust\u00e1 \u010c\u00e1ra se s organizac\u00ed \u010ce\u0161i pom\u00e1haj\u00ed se spole\u010dn\u011b vydali do romsk\u00e9 osady Hermanovce na Jihov\u00fdchodn\u00edm Slovensku. Informace z cesty najdete v na\u0161em \u010dl\u00e1nku v\u010detn\u011b foto reportu od Jany Plavec.","robots":{"index":"index","follow":"follow","max-snippet":"max-snippet:-1","max-image-preview":"max-image-preview:large","max-video-preview":"max-video-preview:-1"},"canonical":"https:\/\/tlustacara.cz\/en\/clanky\/osada\/","og_locale":"en_US","og_type":"article","og_title":"Osada - Tlust\u00e1 \u010c\u00e1ra","og_description":"Um\u011bleck\u00e1 skupina Tlust\u00e1 \u010c\u00e1ra se s organizac\u00ed \u010ce\u0161i pom\u00e1haj\u00ed se spole\u010dn\u011b vydali do romsk\u00e9 osady Hermanovce na Jihov\u00fdchodn\u00edm Slovensku. Informace z cesty najdete v na\u0161em \u010dl\u00e1nku v\u010detn\u011b foto reportu od Jany Plavec.","og_url":"https:\/\/tlustacara.cz\/en\/clanky\/osada\/","og_site_name":"Tlust\u00e1 \u010d\u00e1ra","article_publisher":"https:\/\/facebook.com\/tlustacara","article_published_time":"2022-07-10T18:51:50+00:00","article_modified_time":"2022-11-09T18:24:30+00:00","og_image":[{"width":1024,"height":684,"url":"https:\/\/tlustacara.cz\/wp-content\/uploads\/2022\/07\/2021-10-16_CP-Hermanovce-49-1024x684.jpg","type":"image\/jpeg"}],"author":"admin","twitter_card":"summary_large_image","twitter_title":"Osada - Tlust\u00e1 \u010c\u00e1ra","twitter_description":"Um\u011bleck\u00e1 skupina Tlust\u00e1 \u010c\u00e1ra se s organizac\u00ed \u010ce\u0161i pom\u00e1haj\u00ed se spole\u010dn\u011b vydali do romsk\u00e9 osady Hermanovce na Jihov\u00fdchodn\u00edm Slovensku. Informace z cesty najdete v na\u0161em \u010dl\u00e1nku v\u010detn\u011b foto reportu od Jany Plavec.","twitter_image":"https:\/\/tlustacara.cz\/wp-content\/uploads\/2022\/07\/2021-10-16_CP-Hermanovce-49.jpg","twitter_misc":{"Written by":"admin"},"schema":{"@context":"https:\/\/schema.org","@graph":[{"@type":"Article","@id":"https:\/\/tlustacara.cz\/clanky\/osada\/#article","isPartOf":{"@id":"https:\/\/tlustacara.cz\/clanky\/osada\/"},"author":{"name":"admin","@id":"https:\/\/tlustacara.cz\/en\/#\/schema\/person\/660df12ad5f43e3271685cff6331d62b"},"headline":"Osada","datePublished":"2022-07-10T18:51:50+00:00","dateModified":"2022-11-09T18:24:30+00:00","mainEntityOfPage":{"@id":"https:\/\/tlustacara.cz\/clanky\/osada\/"},"wordCount":2168,"publisher":{"@id":"https:\/\/tlustacara.cz\/en\/#organization"},"articleSection":["\u010cl\u00e1nky"],"inLanguage":"en-US"},{"@type":"WebPage","@id":"https:\/\/tlustacara.cz\/clanky\/osada\/","url":"https:\/\/tlustacara.cz\/clanky\/osada\/","name":"Osada - Tlust\u00e1 \u010d\u00e1ra","isPartOf":{"@id":"https:\/\/tlustacara.cz\/en\/#website"},"datePublished":"2022-07-10T18:51:50+00:00","dateModified":"2022-11-09T18:24:30+00:00","description":"Um\u011bleck\u00e1 skupina Tlust\u00e1 \u010c\u00e1ra se s organizac\u00ed \u010ce\u0161i pom\u00e1haj\u00ed se spole\u010dn\u011b vydali do romsk\u00e9 osady Hermanovce na Jihov\u00fdchodn\u00edm Slovensku. Informace z cesty najdete v na\u0161em \u010dl\u00e1nku v\u010detn\u011b foto reportu od Jany Plavec.","breadcrumb":{"@id":"https:\/\/tlustacara.cz\/clanky\/osada\/#breadcrumb"},"inLanguage":"en-US","potentialAction":[{"@type":"ReadAction","target":["https:\/\/tlustacara.cz\/clanky\/osada\/"]}]},{"@type":"BreadcrumbList","@id":"https:\/\/tlustacara.cz\/clanky\/osada\/#breadcrumb","itemListElement":[{"@type":"ListItem","position":1,"name":"Dom\u016f","item":"https:\/\/tlustacara.cz\/"},{"@type":"ListItem","position":2,"name":"Osada"}]},{"@type":"WebSite","@id":"https:\/\/tlustacara.cz\/en\/#website","url":"https:\/\/tlustacara.cz\/en\/","name":"Tlust\u00e1 \u010d\u00e1ra","description":"Um\u011bleck\u00e1 skupina tlust\u00e1 \u010d\u00e1ra","publisher":{"@id":"https:\/\/tlustacara.cz\/en\/#organization"},"potentialAction":[{"@type":"SearchAction","target":{"@type":"EntryPoint","urlTemplate":"https:\/\/tlustacara.cz\/en\/?s={search_term_string}"},"query-input":"required name=search_term_string"}],"inLanguage":"en-US"},{"@type":"Organization","@id":"https:\/\/tlustacara.cz\/en\/#organization","name":"Tlust\u00e1 \u010d\u00e1ra","url":"https:\/\/tlustacara.cz\/en\/","logo":{"@type":"ImageObject","inLanguage":"en-US","@id":"https:\/\/tlustacara.cz\/en\/#\/schema\/logo\/image\/","url":"https:\/\/tlustacara.cz\/wp-content\/uploads\/2020\/09\/totot-removebg-preview.png","contentUrl":"https:\/\/tlustacara.cz\/wp-content\/uploads\/2020\/09\/totot-removebg-preview.png","width":500,"height":500,"caption":"Tlust\u00e1 \u010d\u00e1ra"},"image":{"@id":"https:\/\/tlustacara.cz\/en\/#\/schema\/logo\/image\/"},"sameAs":["https:\/\/facebook.com\/tlustacara","https:\/\/instagram.com\/tlustacara","https:\/\/www.youtube.com\/channel\/UCxQ41kVDbj5r6ElmXDey39w"]},{"@type":"Person","@id":"https:\/\/tlustacara.cz\/en\/#\/schema\/person\/660df12ad5f43e3271685cff6331d62b","name":"admin"}]}},"_links":{"self":[{"href":"https:\/\/tlustacara.cz\/en\/wp-json\/wp\/v2\/posts\/4158"}],"collection":[{"href":"https:\/\/tlustacara.cz\/en\/wp-json\/wp\/v2\/posts"}],"about":[{"href":"https:\/\/tlustacara.cz\/en\/wp-json\/wp\/v2\/types\/post"}],"author":[{"embeddable":true,"href":"https:\/\/tlustacara.cz\/en\/wp-json\/wp\/v2\/users\/1"}],"replies":[{"embeddable":true,"href":"https:\/\/tlustacara.cz\/en\/wp-json\/wp\/v2\/comments?post=4158"}],"version-history":[{"count":116,"href":"https:\/\/tlustacara.cz\/en\/wp-json\/wp\/v2\/posts\/4158\/revisions"}],"predecessor-version":[{"id":4465,"href":"https:\/\/tlustacara.cz\/en\/wp-json\/wp\/v2\/posts\/4158\/revisions\/4465"}],"wp:featuredmedia":[{"embeddable":true,"href":"https:\/\/tlustacara.cz\/en\/wp-json\/wp\/v2\/media\/4171"}],"wp:attachment":[{"href":"https:\/\/tlustacara.cz\/en\/wp-json\/wp\/v2\/media?parent=4158"}],"wp:term":[{"taxonomy":"category","embeddable":true,"href":"https:\/\/tlustacara.cz\/en\/wp-json\/wp\/v2\/categories?post=4158"},{"taxonomy":"post_tag","embeddable":true,"href":"https:\/\/tlustacara.cz\/en\/wp-json\/wp\/v2\/tags?post=4158"}],"curies":[{"name":"wp","href":"https:\/\/api.w.org\/{rel}","templated":true}]}}